{"id":20110,"date":"2021-03-31T18:46:22","date_gmt":"2021-03-31T21:46:22","guid":{"rendered":"https:\/\/www.todoeldia.com\/?p=20110"},"modified":"2021-03-31T18:46:23","modified_gmt":"2021-03-31T21:46:23","slug":"en-el-ano-de-la-pandemia-y-la-cuarentena-la-pobreza-llego-al-42-y-afecta-a-194-millones-de-personas","status":"publish","type":"post","link":"https:\/\/www.todoeldia.com\/index.php\/2021\/03\/31\/en-el-ano-de-la-pandemia-y-la-cuarentena-la-pobreza-llego-al-42-y-afecta-a-194-millones-de-personas\/","title":{"rendered":"En el a\u00f1o de la pandemia y la cuarentena, la pobreza lleg\u00f3 al 42% y afecta a 19,4 millones de personas"},"content":{"rendered":"\n<p>El nivel de pobreza en la Argentina ascendi\u00f3 al 42% en el segundo semestre del 2020, con un incremento de casi siete puntos porcentuales respecto del mismo per\u00edodo del 2019, en el contexto de la pandemia global y la larga cuarentena local combinada con una alta tasa de inflaci\u00f3n.<\/p>\n\n\n\n<p>As\u00ed lo inform\u00f3 hoy el Instituto Nacional de Estad\u00edstica y Censos (Indec), que precis\u00f3 que la indigencia se ubic\u00f3 en el 10,5 por ciento, frente al 8 por ciento del mismo per\u00edodo del a\u00f1o previo.<\/p>\n\n\n\n<p>\u201cEl porcentaje de hogares por debajo de la l\u00ednea de pobreza (LP) alcanz\u00f3 el 31,6%; en estos residen el 42% de las personas. Dentro de este conjunto se distingue un 7,8% de hogares por debajo de la l\u00ednea de indigencia (LI), que incluyen al 10,5% de las personas\u201d, inform\u00f3 el Indec.<\/p>\n\n\n\n<p>\u201cEsto implica que, para el universo de los 31 aglomerados urbanos de la EPH, por debajo de la LP se encuentran 2.926.890 hogares que incluyen a 12.000.998 personas y, dentro de ese conjunto, 720.678 hogares se encuentran por debajo de la LI, e incluyen a 3.007.177 personas indigentes\u201d, detall\u00f3.<\/p>\n\n\n\n<p>\u00bfSe puede atribuir este brutal incremento de la pobreza y la indigencia solamente a la pandemia global, cuando la Argentina registra la segunda inflaci\u00f3n m\u00e1s alta de Am\u00e9rica Latina y una de las m\u00e1s importantes del mundo?<\/p>\n\n\n\n<p>Si bien la suba de precios se desaceler\u00f3 en 2020 frente al 2019, lo hizo de la mano de una recesi\u00f3n gigante y del congelamiento de casi todos los precios de la econom\u00eda. Pese a todos estos frenos \u2013y de la aplicaci\u00f3n del IFE\u2013 los resultados est\u00e1n a la vista; la argumentaci\u00f3n oficial seguramente ser\u00e1 que, sin esas medidas, la pobreza hubiera sido m\u00e1s alta, una conclusi\u00f3n que no parece ser satisfactoria para casi la mitad de la poblaci\u00f3n general y m\u00e1s de la mitad de los chicos de todo el pa\u00eds.<\/p>\n\n\n\n<p>\u201cEl ingreso total familiar promedio de los hogares pobres fue de $29.567, mientras la canasta b\u00e1sica total (CBT) promedio del mismo grupo de hogares alcanz\u00f3 los $50.854, por lo que la brecha se ubic\u00f3 en 41,9%, el valor m\u00e1s alto de la serie por quinto semestre consecutivo. De esta manera, no solo hubo un aumento en la incidencia de pobreza respecto del primer semestre de 2020, sino que la situaci\u00f3n de las personas bajo la LP empeor\u00f3 por la mayor distancia entre sus ingresos y la CBT\u201d, indic\u00f3.<\/p>\n\n\n\n<p>\u201cDado que la incidencia de la pobreza y la indigencia resulta de la capacidad de los hogares de acceder a la canasta b\u00e1sica alimentaria (CBA) y a la canasta b\u00e1sica total (CBT) mediante sus ingresos monetarios, y que la brecha es la distancia entre los ingresos y las canastas, se observ\u00f3 que en el segundo semestre de 2020: en la comparaci\u00f3n interanual crecieron ambos indicadores: los hogares pobres lo hicieron en 5,7 punto porcentual y las personas bajo la l\u00ednea de pobreza, en 6,5 p.p.; mientras que los hogares indigentes aumentaron en 2,1 p.p. y las personas bajo la l\u00ednea de indigencia, en 2,5 p.p. Con respecto al primer semestre de 2020, se registr\u00f3 un aumento de la pobreza (+1,1 punto porcentual) mientras que la indigencia se mantuvo en el mismo valor para el conjunto de la poblaci\u00f3n cubierta por la encuesta\u201d, detall\u00f3 el organismo que conduce Marco Lavagna.<\/p>\n","protected":false},"excerpt":{"rendered":"<p>El nivel de pobreza en la Argentina ascendi\u00f3 al 42% en el segundo semestre del 2020, con un incremento de casi siete puntos porcentuales respecto del mismo per\u00edodo del 2019, en el contexto de la pandemia global y la larga cuarentena local combinada con una alta tasa de inflaci\u00f3n. As\u00ed lo inform\u00f3 hoy el Instituto [&hellip;]<\/p>\n","protected":false},"author":2,"featured_media":20111,"comment_status":"open","ping_status":"open","sticky":false,"template":"","format":"standard","meta":{"tdm_status":"","tdm_grid_status":"","_joinchat":[],"footnotes":""},"categories":[73],"tags":[],"class_list":{"0":"post-20110","1":"post","2":"type-post","3":"status-publish","4":"format-standard","5":"has-post-thumbnail","7":"category-noticias-general"},"amp_enabled":true,"_links":{"self":[{"href":"https:\/\/www.todoeldia.com\/index.php\/wp-json\/wp\/v2\/posts\/20110","targetHints":{"allow":["GET"]}}],"collection":[{"href":"https:\/\/www.todoeldia.com\/index.php\/wp-json\/wp\/v2\/posts"}],"about":[{"href":"https:\/\/www.todoeldia.com\/index.php\/wp-json\/wp\/v2\/types\/post"}],"author":[{"embeddable":true,"href":"https:\/\/www.todoeldia.com\/index.php\/wp-json\/wp\/v2\/users\/2"}],"replies":[{"embeddable":true,"href":"https:\/\/www.todoeldia.com\/index.php\/wp-json\/wp\/v2\/comments?post=20110"}],"version-history":[{"count":1,"href":"https:\/\/www.todoeldia.com\/index.php\/wp-json\/wp\/v2\/posts\/20110\/revisions"}],"predecessor-version":[{"id":20112,"href":"https:\/\/www.todoeldia.com\/index.php\/wp-json\/wp\/v2\/posts\/20110\/revisions\/20112"}],"wp:featuredmedia":[{"embeddable":true,"href":"https:\/\/www.todoeldia.com\/index.php\/wp-json\/wp\/v2\/media\/20111"}],"wp:attachment":[{"href":"https:\/\/www.todoeldia.com\/index.php\/wp-json\/wp\/v2\/media?parent=20110"}],"wp:term":[{"taxonomy":"category","embeddable":true,"href":"https:\/\/www.todoeldia.com\/index.php\/wp-json\/wp\/v2\/categories?post=20110"},{"taxonomy":"post_tag","embeddable":true,"href":"https:\/\/www.todoeldia.com\/index.php\/wp-json\/wp\/v2\/tags?post=20110"}],"curies":[{"name":"wp","href":"https:\/\/api.w.org\/{rel}","templated":true}]}}