{"id":20113,"date":"2021-03-31T18:51:27","date_gmt":"2021-03-31T21:51:27","guid":{"rendered":"https:\/\/www.todoeldia.com\/?p=20113"},"modified":"2021-03-31T18:51:28","modified_gmt":"2021-03-31T21:51:28","slug":"la-cifra-que-mas-duele-no-deja-de-crecer-el-577-de-los-chicos-argentinos-menores-de-14-anos-son-pobres","status":"publish","type":"post","link":"https:\/\/www.todoeldia.com\/index.php\/2021\/03\/31\/la-cifra-que-mas-duele-no-deja-de-crecer-el-577-de-los-chicos-argentinos-menores-de-14-anos-son-pobres\/","title":{"rendered":"La cifra que m\u00e1s duele no deja de crecer: el 57,7% de los chicos argentinos menores de 14 a\u00f1os son pobres"},"content":{"rendered":"\n<p>En la comparaci\u00f3n interanual, desde antes de la pandemia, la pobreza de los m\u00e1s chicos tuvo un salto muy importante de 5,4 puntos porcentuales<\/p>\n\n\n\n<p>El Instituto Nacional de Estad\u00edsticas y Censos (Indec) inform\u00f3 hoy los datos de pobreza en el pa\u00eds: en el a\u00f1o de la pandemia y la cuarentena, la pobreza lleg\u00f3 al 42% y afecta a 19,4 millones de personas.<\/p>\n\n\n\n<p>De esa cifra se desprende otra, quiz\u00e1s la que m\u00e1s duele en un contexto de ca\u00edda que parece no tener freno: casi el 58 por ciento de los menores de 14 son pobres.<\/p>\n\n\n\n<p>Seg\u00fan la Encuesta Permanente de Hogares (EPH) que realiza el organismo, la pobreza afect\u00f3 a 57,7% de los chicos menos de 14 a\u00f1os en el segundo semestre del a\u00f1o, de los cuales 15,7% son indigentes, es decir un salto de 2,1 puntos porcentuales si se lo compara con el mismo per\u00edodo de un a\u00f1o atr\u00e1s.<\/p>\n\n\n\n<p>En la comparaci\u00f3n interanual contra el segundo semestre de 2019 \u2013v\u00e1lida estad\u00edsticamente porque tiene en cuenta factores como la estacionalidad\u2013, en la prepandemia, la pobreza de los m\u00e1s chicos tuvo un salto muy importante de 5,1 puntos, desde el 52,6% registrado entonces, mientras que la indigencia salt\u00f3 2,6 puntos porcentuales (desde 13,1%).<\/p>\n\n\n\n<p>Si se toman los datos del semestre anterior, el primero de 2020, la pobreza en ese grupo etario subi\u00f3 1,4 puntos porcentuales desde 56,3 por ciento. La indigencia, en tanto creci\u00f3 una d\u00e9cima (desde 15,6%).<\/p>\n\n\n\n<p>En tanto, en el grupo de mayores de 65 a\u00f1os tambi\u00e9n se incrementaron las personas pobres, al pasar de 11,4% en el primer semestre de 2020 a 11,9% seis meses despu\u00e9s. Asimismo, si se tiene en cuenta la comparaci\u00f3n interanual, se pas\u00f3 de un 11,3% en el primer semestre de 2019 a un 11,9 por ciento un a\u00f1o m\u00e1s tarde.<\/p>\n\n\n\n<p>En lo que refiere al grupo de personas que va de 15 a 29 a\u00f1os hubo un aumento de la pobreza al registrarse una suba de 20,4% (pas\u00f3 de haber 4,5 millones de pobres a 5,4 millones en un a\u00f1o).<\/p>\n\n\n\n<p>Mientras que las m\u00e1s afectados fueron las personas de entre 30 y 64 a\u00f1os, los m\u00e1s que vieron afectados sus ingresos producto de la pandemia y la consecuente cuarentena. En este caso, se pas\u00f3 de 5,8 millones de pobres a 7,1 millones, lo que equivale a un aumento de 23 por ciento.<\/p>\n\n\n\n<p>\u201cLos sueldos de los trabajadores han perdido poder adquisitivo durante todo el segundo semestre de 2020 lo que los fue empujando a la pobreza. Aun los que tienen trabajo cayeron en la pobreza\u201d, dijo a Infobae el titular de la Fundaci\u00f3n Libertad &amp; Progreso Aldo Abram.<\/p>\n\n\n\n<figure class=\"wp-block-image is-resized\"><img loading=\"lazy\" decoding=\"async\" src=\"https:\/\/www.infobae.com\/new-resizer\/ToFb8AEI0xLsAsgNnMPa1m5GBHM=\/420x236\/filters:format(jpg):quality(85)\/cloudfront-us-east-1.images.arcpublishing.com\/infobae\/D53QWEEMM5B3HLO7IENQWRJNMI.jpg\" alt=\"En el caso de los indigentes, la poblaci\u00f3n m\u00e1s afectada tambi\u00e9n fue la de 30 a 64 a\u00f1os, la cual pas\u00f3 de 6,4% a 9% de ese universo, implic\u00f3 un salto desde 1,2 millones a poco m\u00e1s de 1,7 millones, 505 mil m\u00e1s, o 41,9%. Sucedi\u00f3 por efecto de la desafectaci\u00f3n temprana del Ingreso Familiar de Emergencia (IFE).\" width=\"1061\" height=\"628\"\/><figcaption>En el caso de los indigentes, la poblaci\u00f3n m\u00e1s afectada tambi\u00e9n fue la de 30 a 64 a\u00f1os, la cual pas\u00f3 de 6,4% a 9% de ese universo, implic\u00f3 un salto desde 1,2 millones a poco m\u00e1s de 1,7 millones, 505 mil m\u00e1s, o 41,9%. Sucedi\u00f3 por efecto de la desafectaci\u00f3n temprana del Ingreso Familiar de Emergencia (IFE).<\/figcaption><\/figure>\n\n\n\n<p>En ese sentido, remarc\u00f3 que en l\u00edneas generales, las familias de menores ingresos son las que suelen tener m\u00e1s hijos y las que m\u00e1s se vieron afectadas ante la la ca\u00edda del poder adquisitivo del salario.<\/p>\n\n\n\n<p>\u201cEste inicio de a\u00f1o va a seguir mostrando esta misma tendencia. Es decir que se van a seguir empobreciendo los trabajadores\u201d, alert\u00f3 el economista.<\/p>\n\n\n\n<p>En tanto, en el caso de los indigentes, la poblaci\u00f3n m\u00e1s afectada tambi\u00e9n fue la de 30 a 64 a\u00f1os, la cual pas\u00f3 de 6,4% a 9% de ese universo, implic\u00f3 un salto desde 1,2 millones a poco m\u00e1s de 1,7 millones, 505 mil m\u00e1s, o 41,9%. Sucedi\u00f3 por efecto de la desafectaci\u00f3n temprana del Ingreso Familiar de Emergencia (IFE).<\/p>\n\n\n\n<p>Entre los ni\u00f1os de hasta 14 a\u00f1os, no pudieron acceder al consumo de la canasta b\u00e1sica de alimentos el 15,7% del segmento, unos 1,7 millones de personas (se elev\u00f3 en 26,7%).<\/p>\n\n\n\n<p>Mientras que la franja de 15 a 29 el salto fue de 3 puntos porcentuales, de 9,5% a 12,5%. En este caso se agregaron 372 mil j\u00f3venes, y totalizaron casi 1,4 millones, 36,8% m\u00e1s que al cierre de 2019, previo a la irrupci\u00f3n de la crisis sanitaria.<\/p>\n","protected":false},"excerpt":{"rendered":"<p>En la comparaci\u00f3n interanual, desde antes de la pandemia, la pobreza de los m\u00e1s chicos tuvo un salto muy importante de 5,4 puntos porcentuales El Instituto Nacional de Estad\u00edsticas y Censos (Indec) inform\u00f3 hoy los datos de pobreza en el pa\u00eds: en el a\u00f1o de la pandemia y la cuarentena, la pobreza lleg\u00f3 al 42% [&hellip;]<\/p>\n","protected":false},"author":2,"featured_media":20114,"comment_status":"open","ping_status":"open","sticky":false,"template":"","format":"standard","meta":{"tdm_status":"","tdm_grid_status":"","_joinchat":[],"footnotes":""},"categories":[73],"tags":[],"class_list":{"0":"post-20113","1":"post","2":"type-post","3":"status-publish","4":"format-standard","5":"has-post-thumbnail","7":"category-noticias-general"},"amp_enabled":true,"_links":{"self":[{"href":"https:\/\/www.todoeldia.com\/index.php\/wp-json\/wp\/v2\/posts\/20113","targetHints":{"allow":["GET"]}}],"collection":[{"href":"https:\/\/www.todoeldia.com\/index.php\/wp-json\/wp\/v2\/posts"}],"about":[{"href":"https:\/\/www.todoeldia.com\/index.php\/wp-json\/wp\/v2\/types\/post"}],"author":[{"embeddable":true,"href":"https:\/\/www.todoeldia.com\/index.php\/wp-json\/wp\/v2\/users\/2"}],"replies":[{"embeddable":true,"href":"https:\/\/www.todoeldia.com\/index.php\/wp-json\/wp\/v2\/comments?post=20113"}],"version-history":[{"count":1,"href":"https:\/\/www.todoeldia.com\/index.php\/wp-json\/wp\/v2\/posts\/20113\/revisions"}],"predecessor-version":[{"id":20115,"href":"https:\/\/www.todoeldia.com\/index.php\/wp-json\/wp\/v2\/posts\/20113\/revisions\/20115"}],"wp:featuredmedia":[{"embeddable":true,"href":"https:\/\/www.todoeldia.com\/index.php\/wp-json\/wp\/v2\/media\/20114"}],"wp:attachment":[{"href":"https:\/\/www.todoeldia.com\/index.php\/wp-json\/wp\/v2\/media?parent=20113"}],"wp:term":[{"taxonomy":"category","embeddable":true,"href":"https:\/\/www.todoeldia.com\/index.php\/wp-json\/wp\/v2\/categories?post=20113"},{"taxonomy":"post_tag","embeddable":true,"href":"https:\/\/www.todoeldia.com\/index.php\/wp-json\/wp\/v2\/tags?post=20113"}],"curies":[{"name":"wp","href":"https:\/\/api.w.org\/{rel}","templated":true}]}}