{"id":20116,"date":"2021-03-31T19:11:15","date_gmt":"2021-03-31T22:11:15","guid":{"rendered":"https:\/\/www.todoeldia.com\/?p=20116"},"modified":"2021-03-31T19:11:16","modified_gmt":"2021-03-31T22:11:16","slug":"brasil-no-para-de-registrar-record-de-muertes-3-869-personas-fallecieron-por-coronavirus","status":"publish","type":"post","link":"https:\/\/www.todoeldia.com\/index.php\/2021\/03\/31\/brasil-no-para-de-registrar-record-de-muertes-3-869-personas-fallecieron-por-coronavirus\/","title":{"rendered":"Brasil no para de registrar record de muertes:  3.869 personas fallecieron por coronavirus"},"content":{"rendered":"\n<p>El Consejo Nacional de Secretarios de Salud de Brasil (Conass), que re\u00fane a los responsables sanitarios de los 27 estados del pa\u00eds, report\u00f3 una nueva cifra r\u00e9cord de muertes diarias por la enfermedad del COVID-19 en la naci\u00f3n.<\/p>\n\n\n\n<figure class=\"wp-block-image is-resized\"><img loading=\"lazy\" decoding=\"async\" src=\"https:\/\/www.infobae.com\/new-resizer\/68SDSj1BmqYBDMn181DmXy35MGI=\/420x280\/filters:format(jpg):quality(85)\/cloudfront-us-east-1.images.arcpublishing.com\/infobae\/RVTWZLCDIBCQRAOVKEMOBO7CVA.jpg\" alt=\"Personal m\u00e9dico trabaja el 21 de marzo de 2021 en la Unidad de Cuidados Intensivos (UCI) del hospital de Cl\u00ednicas, en Porto Alegre (Brasil). EFE\/ Marcelo Oliveira\n\" width=\"1059\" height=\"738\"\/><\/figure>\n\n\n\n<p>En las \u00faltimas 24 horas fallecieron 3.869 personas que hab\u00edan contra\u00eddo el coronavirus y se registraron 90.638 nuevos casos de infectados, seg\u00fan el informe publicado este mi\u00e9rcoles por la tarde. El anterior r\u00e9cord de fallecimientos por d\u00eda se registr\u00f3 el martes y era de 3.780 decesos.<\/p>\n\n\n\n<p>Marzo ya es de lejos el peor mes de la pandemia en Brasil, con m\u00e1s de 66.500 muertos, y los expertos prev\u00e9n en abril otro mes tr\u00e1gico, con los hospitales saturados y en ocasiones obligados a elegir qui\u00e9n recibe atenci\u00f3n.<\/p>\n\n\n\n<p>Desde el 1 hasta el 31 de marzo se registraron 66.573 v\u00edctimas fatales de covid, un 90,7% m\u00e1s que las 32.881 de julio de 2020, hasta ahora el mes m\u00e1s letal. El total de muertes desde el primer fallecido hace un a\u00f1o se eleva a 321.515, superado solo por Estados Unidos.<\/p>\n\n\n\n<p>\u201cNunca un solo acontecimiento provoc\u00f3 tantos muertos en treinta d\u00edas en la historia de Brasil\u201d, dijo a la AFP el m\u00e9dico Miguel Nicolelis, ex coordinador del Comit\u00e9 Cient\u00edfico formado por los estados del nordeste para enfrentar la pandemia. \u201cEstamos en el peor momento, con el mayor n\u00famero de muertes y de casos, lo cual indica que abril ser\u00e1 todav\u00eda muy malo\u201d, se\u00f1al\u00f3 por su parte la epidemi\u00f3loga Ethel Maciel, profesora de la Universidad Federal de Espirito Santo (UFES).<\/p>\n\n\n\n<p>Del 21 al 27 de marzo se registr\u00f3 tambi\u00e9n la semana con m\u00e1s casos (casi 540.000), lo cual significa que seguramente de aqu\u00ed a dos semanas m\u00e1s personas precisar\u00e1n ser internadas. Desde el inicio de la pandemia, hubo 12.748.747 contagiados en este pa\u00eds de 212 millones de habitantes.<\/p>\n\n\n\n<p>Pero los hospitales ya est\u00e1n saturados: 18 de los 27 estados brasile\u00f1os tienen m\u00e1s del 90% de sus camas de unidades de cuidados intensivos (UCI) para covid-19 ocupadas y otros siete registran una ocupaci\u00f3n de 84% a 89%, seg\u00fan el \u00faltimo bolet\u00edn de la Fundaci\u00f3n Fiocruz.<\/p>\n\n\n\n<p>Varios estados empezaron a adoptar protocolos para adjudicar las camas disponibles a los pacientes con m\u00e1s chances de sobrevivir. \u201cHemos llegado a una situaci\u00f3n muy tr\u00e1gica, parecida a lo que ocurri\u00f3 en Italia\u201d a inicios del a\u00f1o pasado, dijo Maciel.<\/p>\n\n\n\n<p>Al menos 230 personas con covid o con sospecha de tener el virus fallecieron en marzo esperando cama en alguna UCI de la regi\u00f3n metropolitana de San Pablo, la capital econ\u00f3mica del pa\u00eds, seg\u00fan un informe de TV Globo.<\/p>\n\n\n\n<p>El temor aumenta con la aproximaci\u00f3n del invierno austral, cuando hay mayor demanda de internaciones debido a otras enfermedades respiratorias. \u201cPodemos tener una confluencia de esas demandas con \u00edndices muy altos de covid, provocando una tormenta perfecta\u201d en el sistema sanitario, sostuvo Nicolelis. \u201cLa pandemia est\u00e1 totalmente fuera de control y la posibilidad de llegar a 4.000 muertes por d\u00eda es muy real a partir de esta semana. Y la perspectiva de alcanzar medio mill\u00f3n de muertos en julio ya es plausible\u201d, a\u00f1adi\u00f3.<\/p>\n","protected":false},"excerpt":{"rendered":"<p>El Consejo Nacional de Secretarios de Salud de Brasil (Conass), que re\u00fane a los responsables sanitarios de los 27 estados del pa\u00eds, report\u00f3 una nueva cifra r\u00e9cord de muertes diarias por la enfermedad del COVID-19 en la naci\u00f3n. En las \u00faltimas 24 horas fallecieron 3.869 personas que hab\u00edan contra\u00eddo el coronavirus y se registraron 90.638 [&hellip;]<\/p>\n","protected":false},"author":2,"featured_media":20117,"comment_status":"open","ping_status":"open","sticky":false,"template":"","format":"standard","meta":{"tdm_status":"","tdm_grid_status":"","_joinchat":[],"footnotes":""},"categories":[65],"tags":[],"class_list":{"0":"post-20116","1":"post","2":"type-post","3":"status-publish","4":"format-standard","5":"has-post-thumbnail","7":"category-coronavirus"},"amp_enabled":true,"_links":{"self":[{"href":"https:\/\/www.todoeldia.com\/index.php\/wp-json\/wp\/v2\/posts\/20116","targetHints":{"allow":["GET"]}}],"collection":[{"href":"https:\/\/www.todoeldia.com\/index.php\/wp-json\/wp\/v2\/posts"}],"about":[{"href":"https:\/\/www.todoeldia.com\/index.php\/wp-json\/wp\/v2\/types\/post"}],"author":[{"embeddable":true,"href":"https:\/\/www.todoeldia.com\/index.php\/wp-json\/wp\/v2\/users\/2"}],"replies":[{"embeddable":true,"href":"https:\/\/www.todoeldia.com\/index.php\/wp-json\/wp\/v2\/comments?post=20116"}],"version-history":[{"count":1,"href":"https:\/\/www.todoeldia.com\/index.php\/wp-json\/wp\/v2\/posts\/20116\/revisions"}],"predecessor-version":[{"id":20118,"href":"https:\/\/www.todoeldia.com\/index.php\/wp-json\/wp\/v2\/posts\/20116\/revisions\/20118"}],"wp:featuredmedia":[{"embeddable":true,"href":"https:\/\/www.todoeldia.com\/index.php\/wp-json\/wp\/v2\/media\/20117"}],"wp:attachment":[{"href":"https:\/\/www.todoeldia.com\/index.php\/wp-json\/wp\/v2\/media?parent=20116"}],"wp:term":[{"taxonomy":"category","embeddable":true,"href":"https:\/\/www.todoeldia.com\/index.php\/wp-json\/wp\/v2\/categories?post=20116"},{"taxonomy":"post_tag","embeddable":true,"href":"https:\/\/www.todoeldia.com\/index.php\/wp-json\/wp\/v2\/tags?post=20116"}],"curies":[{"name":"wp","href":"https:\/\/api.w.org\/{rel}","templated":true}]}}