{"id":21048,"date":"2021-04-14T21:32:52","date_gmt":"2021-04-15T00:32:52","guid":{"rendered":"https:\/\/www.todoeldia.com\/?p=21048"},"modified":"2021-04-14T21:32:53","modified_gmt":"2021-04-15T00:32:53","slug":"el-gobierno-dispuso-el-toque-de-queda-a-partir-de-las-20-en-el-area-metropolitana-de-buenos-aires","status":"publish","type":"post","link":"https:\/\/www.todoeldia.com\/index.php\/2021\/04\/14\/el-gobierno-dispuso-el-toque-de-queda-a-partir-de-las-20-en-el-area-metropolitana-de-buenos-aires\/","title":{"rendered":"El Gobierno dispuso el toque de queda a partir de las 20 en el \u00e1rea metropolitana de Buenos Aires"},"content":{"rendered":"\n<p>Las medidas se aplicar\u00e1n en el AMBA. Las resolvi\u00f3 Alberto Fern\u00e1ndez junto a su jefe de Gabinete, Santiago Cafiero, y la ministra de Salud, Carla Vizzotti. Se suspenden las clases presenciales por dos semanas<\/p>\n\n\n\n<p>El presidente Alberto Fern\u00e1ndez decidi\u00f3 avanzar con un paquete de medidas m\u00e1s duras para intentar enfrentar el avance de la segunda ola de coronavirus. Despu\u00e9s de reunirse con el Jefe de Gabinete, Santiago Cafiero, y la ministra de Salud, Carla Vizzotti, resolvi\u00f3 restringir a\u00fan m\u00e1s la circulaci\u00f3n, suspender las clases presenciales por dos semanas y prohibir las actividades deportivas, culturales, sociales y recreativas.<\/p>\n\n\n\n<p>Todas las medidas nuevas ser\u00e1n implementadas \u00fanicamente en el AMBA, el punto geogr\u00e1fico al que m\u00e1s le impact\u00f3 la segunda ola de coronavirus. Sin embargo, el Presidente les pidi\u00f3 a los intendentes y gobernadores que lo acompa\u00f1en en \u201ceste momento dif\u00edcil\u201d y les abri\u00f3 el camino para que se adhieran a las medidas.<\/p>\n","protected":false},"excerpt":{"rendered":"<p>Las medidas se aplicar\u00e1n en el AMBA. Las resolvi\u00f3 Alberto Fern\u00e1ndez junto a su jefe de Gabinete, Santiago Cafiero, y la ministra de Salud, Carla Vizzotti. Se suspenden las clases presenciales por dos semanas El presidente Alberto Fern\u00e1ndez decidi\u00f3 avanzar con un paquete de medidas m\u00e1s duras para intentar enfrentar el avance de la segunda [&hellip;]<\/p>\n","protected":false},"author":2,"featured_media":21049,"comment_status":"open","ping_status":"open","sticky":false,"template":"","format":"standard","meta":{"tdm_status":"","tdm_grid_status":"","_joinchat":[],"footnotes":""},"categories":[73],"tags":[],"class_list":{"0":"post-21048","1":"post","2":"type-post","3":"status-publish","4":"format-standard","5":"has-post-thumbnail","7":"category-noticias-general"},"amp_enabled":true,"_links":{"self":[{"href":"https:\/\/www.todoeldia.com\/index.php\/wp-json\/wp\/v2\/posts\/21048","targetHints":{"allow":["GET"]}}],"collection":[{"href":"https:\/\/www.todoeldia.com\/index.php\/wp-json\/wp\/v2\/posts"}],"about":[{"href":"https:\/\/www.todoeldia.com\/index.php\/wp-json\/wp\/v2\/types\/post"}],"author":[{"embeddable":true,"href":"https:\/\/www.todoeldia.com\/index.php\/wp-json\/wp\/v2\/users\/2"}],"replies":[{"embeddable":true,"href":"https:\/\/www.todoeldia.com\/index.php\/wp-json\/wp\/v2\/comments?post=21048"}],"version-history":[{"count":1,"href":"https:\/\/www.todoeldia.com\/index.php\/wp-json\/wp\/v2\/posts\/21048\/revisions"}],"predecessor-version":[{"id":21050,"href":"https:\/\/www.todoeldia.com\/index.php\/wp-json\/wp\/v2\/posts\/21048\/revisions\/21050"}],"wp:featuredmedia":[{"embeddable":true,"href":"https:\/\/www.todoeldia.com\/index.php\/wp-json\/wp\/v2\/media\/21049"}],"wp:attachment":[{"href":"https:\/\/www.todoeldia.com\/index.php\/wp-json\/wp\/v2\/media?parent=21048"}],"wp:term":[{"taxonomy":"category","embeddable":true,"href":"https:\/\/www.todoeldia.com\/index.php\/wp-json\/wp\/v2\/categories?post=21048"},{"taxonomy":"post_tag","embeddable":true,"href":"https:\/\/www.todoeldia.com\/index.php\/wp-json\/wp\/v2\/tags?post=21048"}],"curies":[{"name":"wp","href":"https:\/\/api.w.org\/{rel}","templated":true}]}}