{"id":21145,"date":"2021-04-16T14:25:42","date_gmt":"2021-04-16T17:25:42","guid":{"rendered":"https:\/\/www.todoeldia.com\/?p=21145"},"modified":"2021-04-16T14:27:51","modified_gmt":"2021-04-16T17:27:51","slug":"conmemoraron-el-439o-aniversario-de-la-fundacion-de-salta","status":"publish","type":"post","link":"https:\/\/www.todoeldia.com\/index.php\/2021\/04\/16\/conmemoraron-el-439o-aniversario-de-la-fundacion-de-salta\/","title":{"rendered":"Presidido por Marocco conmemoraron el 439\u00ba aniversario de la fundaci\u00f3n de Salta"},"content":{"rendered":"\n<p>Los actos oficiales se realizaron en plaza 9 de Julio y fueron encabezados por el vicegobernador Antonio Marocco.<\/p>\n\n\n\n<p>El vicegobernador Antonio Marocco encabez\u00f3 el acto en conmemoraci\u00f3n del 439\u00ba aniversario de la fundaci\u00f3n de la ciudad de Salta, que se realiz\u00f3 esta ma\u00f1ana en plaza 9 de Julio. Estuvo acompa\u00f1ado por la intendenta Bettina Romero.<\/p>\n\n\n\n<p>Pasadas las 10 de la ma\u00f1ana, las autoridades se dirigieron al palco oficial ubicado sobre calle Caseros, en las inmediaciones de los m\u00e1stiles de la plaza, para dar comienzo a la ceremonia. El vicegobernador Marocco, acompa\u00f1ado por el comandante de la V Brigada de Monta\u00f1a del Ej\u00e9rcito Argentino, coronel mayor Javier Alberto Palaz\u00f3n, fue el encargado de izar el Pabell\u00f3n Nacional. Por su parte, la intendenta Romero hizo lo propio con la bandera de Salta en compa\u00f1\u00eda del presidente del Concejo Deliberante, Dar\u00edo Madile.<\/p>\n\n\n\n<p>A continuaci\u00f3n, la banda militar Coronel Bonifacio Ruiz de los Llanos interpret\u00f3 las estrofas del Himno Nacional Argentino y el Himno a G\u00fcemes. Acto seguido, el arzobispo de la Arquidi\u00f3cesis de Salta, monse\u00f1or Mario Antonio Cargnello, ofreci\u00f3 una invocaci\u00f3n religiosa.<\/p>\n\n\n\n<p>Dando continuidad a las actividades protocolares, las autoridades presentes colocaron ofrendas florales a los pies del m\u00e1stil principal, tras lo cual la intendenta Romero pronunci\u00f3 un discurso en el que record\u00f3 al fundador de la ciudad, Hernando de Lerma, y convoc\u00f3 a la comunidad a trabajar unidos por Salta.<\/p>\n\n\n\n<p>Finalmente, se entonaron las estrofas de la Marcha de Malvinas dando por finalizado el acto.<\/p>\n\n\n\n<p>Participaron del acto el presidente de la Corte de Justicia de Salta, Guillermo Catalano; funcionarios del Ejecutivo municipal, concejales, autoridades policiales, fuerzas de seguridad, veteranos de la Guerra de Malvinas, cuerpos consulares, representantes de comunidades migrantes y vecinos de la ciudad.<\/p>\n","protected":false},"excerpt":{"rendered":"<p>Los actos oficiales se realizaron en plaza 9 de Julio y fueron encabezados por el vicegobernador Antonio Marocco. El vicegobernador Antonio Marocco encabez\u00f3 el acto en conmemoraci\u00f3n del 439\u00ba aniversario de la fundaci\u00f3n de la ciudad de Salta, que se realiz\u00f3 esta ma\u00f1ana en plaza 9 de Julio. Estuvo acompa\u00f1ado por la intendenta Bettina Romero. [&hellip;]<\/p>\n","protected":false},"author":2,"featured_media":21146,"comment_status":"open","ping_status":"open","sticky":false,"template":"","format":"standard","meta":{"tdm_status":"","tdm_grid_status":"","_joinchat":[],"footnotes":""},"categories":[73],"tags":[],"class_list":{"0":"post-21145","1":"post","2":"type-post","3":"status-publish","4":"format-standard","5":"has-post-thumbnail","7":"category-noticias-general"},"amp_enabled":true,"_links":{"self":[{"href":"https:\/\/www.todoeldia.com\/index.php\/wp-json\/wp\/v2\/posts\/21145","targetHints":{"allow":["GET"]}}],"collection":[{"href":"https:\/\/www.todoeldia.com\/index.php\/wp-json\/wp\/v2\/posts"}],"about":[{"href":"https:\/\/www.todoeldia.com\/index.php\/wp-json\/wp\/v2\/types\/post"}],"author":[{"embeddable":true,"href":"https:\/\/www.todoeldia.com\/index.php\/wp-json\/wp\/v2\/users\/2"}],"replies":[{"embeddable":true,"href":"https:\/\/www.todoeldia.com\/index.php\/wp-json\/wp\/v2\/comments?post=21145"}],"version-history":[{"count":2,"href":"https:\/\/www.todoeldia.com\/index.php\/wp-json\/wp\/v2\/posts\/21145\/revisions"}],"predecessor-version":[{"id":21149,"href":"https:\/\/www.todoeldia.com\/index.php\/wp-json\/wp\/v2\/posts\/21145\/revisions\/21149"}],"wp:featuredmedia":[{"embeddable":true,"href":"https:\/\/www.todoeldia.com\/index.php\/wp-json\/wp\/v2\/media\/21146"}],"wp:attachment":[{"href":"https:\/\/www.todoeldia.com\/index.php\/wp-json\/wp\/v2\/media?parent=21145"}],"wp:term":[{"taxonomy":"category","embeddable":true,"href":"https:\/\/www.todoeldia.com\/index.php\/wp-json\/wp\/v2\/categories?post=21145"},{"taxonomy":"post_tag","embeddable":true,"href":"https:\/\/www.todoeldia.com\/index.php\/wp-json\/wp\/v2\/tags?post=21145"}],"curies":[{"name":"wp","href":"https:\/\/api.w.org\/{rel}","templated":true}]}}