{"id":21150,"date":"2021-04-16T14:32:48","date_gmt":"2021-04-16T17:32:48","guid":{"rendered":"https:\/\/www.todoeldia.com\/?p=21150"},"modified":"2021-04-16T14:32:49","modified_gmt":"2021-04-16T17:32:49","slug":"metan-detienen-a-un-hombre-cuando-retiraba-una-encomienda-con-3-kilos-de-marihuana","status":"publish","type":"post","link":"https:\/\/www.todoeldia.com\/index.php\/2021\/04\/16\/metan-detienen-a-un-hombre-cuando-retiraba-una-encomienda-con-3-kilos-de-marihuana\/","title":{"rendered":"Met\u00e1n: detienen a un hombre cuando retiraba una encomienda con 3 kilos de marihuana"},"content":{"rendered":"\n<p>En el marco de una investigaci\u00f3n por la posible comercializaci\u00f3n de estupefacientes en Rosario de la Frontera, se logr\u00f3 la detenci\u00f3n de un hombre cuando retiraba una encomienda que conten\u00eda alrededor de tres kilos de marihuana dispuesto en tres envoltorios. Se declar\u00f3 el caso como de flagrancia.<\/p>\n\n\n\n<p>El fiscal penal de Rosario de la Frontera, Nicol\u00e1s Rodr\u00edguez L\u00f3pez, imput\u00f3 en forma provisional a Yuli\u00e1n Gabriel Garc\u00eda, de 23 a\u00f1os, como autor del delito de tenencia de estupefacientes con fines de comercializaci\u00f3n.<\/p>\n\n\n\n<p>La detenci\u00f3n de esta persona se produjo en el marco de una investigaci\u00f3n que lleva adelante la Fiscal\u00eda por la posible comercializaci\u00f3n de sustancias estupefacientes en la ciudad de Rosario de la Frontera, denunciada en forma an\u00f3nima por un ciudadano.<\/p>\n\n\n\n<p>De las tareas desplegadas por personal de Drogas Peligrosas de esa ciudad, se procedi\u00f3 a la detenci\u00f3n de Garc\u00eda en el momento en que retir\u00f3 de la ciudad de Met\u00e1n, una encomienda, donde transportaba alrededor de tres kilos de sustancia vegetal disecada, dispuesta en tres envoltorios y que el narcotest arroj\u00f3 que se trata de cannabis sativa.<\/p>\n\n\n\n<p>Rodr\u00edguez L\u00f3pez declar\u00f3 el caso como de flagrancia y por distribuci\u00f3n territorial, remiti\u00f3 las actuaciones a la Fiscal\u00eda Penal 2 de Met\u00e1n, a cargo de Gonzalo G\u00f3mez Amado, donde continuar\u00e1 su tr\u00e1mite.<\/p>\n","protected":false},"excerpt":{"rendered":"<p>En el marco de una investigaci\u00f3n por la posible comercializaci\u00f3n de estupefacientes en Rosario de la Frontera, se logr\u00f3 la detenci\u00f3n de un hombre cuando retiraba una encomienda que conten\u00eda alrededor de tres kilos de marihuana dispuesto en tres envoltorios. Se declar\u00f3 el caso como de flagrancia. El fiscal penal de Rosario de la Frontera, [&hellip;]<\/p>\n","protected":false},"author":2,"featured_media":21151,"comment_status":"open","ping_status":"open","sticky":false,"template":"","format":"standard","meta":{"tdm_status":"","tdm_grid_status":"","_joinchat":[],"footnotes":""},"categories":[73],"tags":[],"class_list":{"0":"post-21150","1":"post","2":"type-post","3":"status-publish","4":"format-standard","5":"has-post-thumbnail","7":"category-noticias-general"},"amp_enabled":true,"_links":{"self":[{"href":"https:\/\/www.todoeldia.com\/index.php\/wp-json\/wp\/v2\/posts\/21150","targetHints":{"allow":["GET"]}}],"collection":[{"href":"https:\/\/www.todoeldia.com\/index.php\/wp-json\/wp\/v2\/posts"}],"about":[{"href":"https:\/\/www.todoeldia.com\/index.php\/wp-json\/wp\/v2\/types\/post"}],"author":[{"embeddable":true,"href":"https:\/\/www.todoeldia.com\/index.php\/wp-json\/wp\/v2\/users\/2"}],"replies":[{"embeddable":true,"href":"https:\/\/www.todoeldia.com\/index.php\/wp-json\/wp\/v2\/comments?post=21150"}],"version-history":[{"count":1,"href":"https:\/\/www.todoeldia.com\/index.php\/wp-json\/wp\/v2\/posts\/21150\/revisions"}],"predecessor-version":[{"id":21152,"href":"https:\/\/www.todoeldia.com\/index.php\/wp-json\/wp\/v2\/posts\/21150\/revisions\/21152"}],"wp:featuredmedia":[{"embeddable":true,"href":"https:\/\/www.todoeldia.com\/index.php\/wp-json\/wp\/v2\/media\/21151"}],"wp:attachment":[{"href":"https:\/\/www.todoeldia.com\/index.php\/wp-json\/wp\/v2\/media?parent=21150"}],"wp:term":[{"taxonomy":"category","embeddable":true,"href":"https:\/\/www.todoeldia.com\/index.php\/wp-json\/wp\/v2\/categories?post=21150"},{"taxonomy":"post_tag","embeddable":true,"href":"https:\/\/www.todoeldia.com\/index.php\/wp-json\/wp\/v2\/tags?post=21150"}],"curies":[{"name":"wp","href":"https:\/\/api.w.org\/{rel}","templated":true}]}}