{"id":21431,"date":"2021-04-20T12:16:01","date_gmt":"2021-04-20T15:16:01","guid":{"rendered":"https:\/\/www.todoeldia.com\/?p=21431"},"modified":"2021-04-20T12:16:02","modified_gmt":"2021-04-20T15:16:02","slug":"programa-casa-propia-como-son-los-nuevos-creditos-hipotecarios-que-anunciara-hoy-el-gobierno","status":"publish","type":"post","link":"https:\/\/www.todoeldia.com\/index.php\/2021\/04\/20\/programa-casa-propia-como-son-los-nuevos-creditos-hipotecarios-que-anunciara-hoy-el-gobierno\/","title":{"rendered":"Programa Casa Propia: c\u00f3mo son los nuevos cr\u00e9ditos hipotecarios que anunciar\u00e1 hoy el Gobierno"},"content":{"rendered":"\n<p>Alberto Fern\u00e1ndez encabezar\u00e1 el lanzamiento. Son m\u00e1s de 80.000 cr\u00e9ditos para construir o refaccionar en todo el pa\u00eds.<\/p>\n\n\n\n<p>El Gobierno lanzar\u00e1 un programa de cr\u00e9ditos hipotecarios para la construcci\u00f3n de viviendas en todo el pa\u00eds con el objetivo de que la obra privada como uno de los motores de la reactivaci\u00f3n econ\u00f3mica en medio de la segunda ola de contagios de coronavirus. A la vez buscar\u00e1 responder una demanda creciente en la sociedad: el acceso a la vivienda familiar con facilidades.<\/p>\n\n\n\n<p>As\u00ed pondr\u00e1 en marcha 87.000 nuevos cr\u00e9ditos a tasa de 0% para la refacci\u00f3n y la construcci\u00f3n de viviendas en toda la Rep\u00fablica Argentina, que se otorgar\u00e1n en el marco del programa Casa Propia. El presidente Alberto Fern\u00e1ndez lo anunciar\u00e1 este mediod\u00eda, en un acto que compartir\u00e1 con el jefe de Gabinete, Santiago Cafiero, y el ministro de Desarrollo Territorial y H\u00e1bitat, Jorge Ferraresi.<\/p>\n\n\n\n<p>El plan fue lanzando en diciembre \u00faltimo y oficializado en febrero. Entre sus objetivos la construcci\u00f3n de unas 200.000 soluciones habitacionales hasta 2023, mediante el financiamiento de proyectos de personas \u201cen situaci\u00f3n de vulnerabilidad social, econ\u00f3mica y habitacional\u201d, pero tambi\u00e9n \u201cde sectores de medianos recursos\u201d.<\/p>\n","protected":false},"excerpt":{"rendered":"<p>Alberto Fern\u00e1ndez encabezar\u00e1 el lanzamiento. Son m\u00e1s de 80.000 cr\u00e9ditos para construir o refaccionar en todo el pa\u00eds. El Gobierno lanzar\u00e1 un programa de cr\u00e9ditos hipotecarios para la construcci\u00f3n de viviendas en todo el pa\u00eds con el objetivo de que la obra privada como uno de los motores de la reactivaci\u00f3n econ\u00f3mica en medio de [&hellip;]<\/p>\n","protected":false},"author":2,"featured_media":21432,"comment_status":"open","ping_status":"open","sticky":false,"template":"","format":"standard","meta":{"tdm_status":"","tdm_grid_status":"","_joinchat":[],"footnotes":""},"categories":[73],"tags":[],"class_list":{"0":"post-21431","1":"post","2":"type-post","3":"status-publish","4":"format-standard","5":"has-post-thumbnail","7":"category-noticias-general"},"amp_enabled":true,"_links":{"self":[{"href":"https:\/\/www.todoeldia.com\/index.php\/wp-json\/wp\/v2\/posts\/21431","targetHints":{"allow":["GET"]}}],"collection":[{"href":"https:\/\/www.todoeldia.com\/index.php\/wp-json\/wp\/v2\/posts"}],"about":[{"href":"https:\/\/www.todoeldia.com\/index.php\/wp-json\/wp\/v2\/types\/post"}],"author":[{"embeddable":true,"href":"https:\/\/www.todoeldia.com\/index.php\/wp-json\/wp\/v2\/users\/2"}],"replies":[{"embeddable":true,"href":"https:\/\/www.todoeldia.com\/index.php\/wp-json\/wp\/v2\/comments?post=21431"}],"version-history":[{"count":1,"href":"https:\/\/www.todoeldia.com\/index.php\/wp-json\/wp\/v2\/posts\/21431\/revisions"}],"predecessor-version":[{"id":21433,"href":"https:\/\/www.todoeldia.com\/index.php\/wp-json\/wp\/v2\/posts\/21431\/revisions\/21433"}],"wp:featuredmedia":[{"embeddable":true,"href":"https:\/\/www.todoeldia.com\/index.php\/wp-json\/wp\/v2\/media\/21432"}],"wp:attachment":[{"href":"https:\/\/www.todoeldia.com\/index.php\/wp-json\/wp\/v2\/media?parent=21431"}],"wp:term":[{"taxonomy":"category","embeddable":true,"href":"https:\/\/www.todoeldia.com\/index.php\/wp-json\/wp\/v2\/categories?post=21431"},{"taxonomy":"post_tag","embeddable":true,"href":"https:\/\/www.todoeldia.com\/index.php\/wp-json\/wp\/v2\/tags?post=21431"}],"curies":[{"name":"wp","href":"https:\/\/api.w.org\/{rel}","templated":true}]}}