{"id":21443,"date":"2021-04-20T13:35:38","date_gmt":"2021-04-20T16:35:38","guid":{"rendered":"https:\/\/www.todoeldia.com\/?p=21443"},"modified":"2021-04-20T13:35:40","modified_gmt":"2021-04-20T16:35:40","slug":"la-frontera-sigue-cerrada-y-los-chalaneros-acordaron-cobrar-100-pesos-para-cruzar-el-rio","status":"publish","type":"post","link":"https:\/\/www.todoeldia.com\/index.php\/2021\/04\/20\/la-frontera-sigue-cerrada-y-los-chalaneros-acordaron-cobrar-100-pesos-para-cruzar-el-rio\/","title":{"rendered":"La frontera sigue cerrada y los chalaneros acordaron cobrar 100 pesos para cruzar el rio"},"content":{"rendered":"\n<p>Tras una reuni\u00f3n entre asociaciones y cooperativas fluviales, los chalaneros argentinos se comprometieron a cobrar 100 pesos argentinos al igual que lo bolivianos que realizan el traslado de personas en la frontera entre Aguas Blancas y Bermejo.<\/p>\n\n\n\n<p>A ra\u00edz del reclamo ciudadano y la falta de organizaci\u00f3n de los trabajadores de frontera, tambi\u00e9n se acord\u00f3 que la carga ser\u00e1 transportada \u00fanicamente en los gomones.<\/p>\n\n\n\n<p>\u201cNos hemos reunido en Aguas Blancas con los compa\u00f1eros, para que todos podamos trabajar sin perjudicarnos y tampoco a la gente\u201d, inform\u00f3 a Fides V\u00edctor Flores del sector estibador.<\/p>\n\n\n\n<p>Si bien las fronteras permanecen cerradas de manera oficial por el gobierno argentino, el tr\u00e1nsito de personas y mercader\u00edas se desarrolla con normalidad en Bermejo.<\/p>\n\n\n\n<p>El comit\u00e9 c\u00edvico puso como plazo hasta el 27 de abril, para que el presidente Luis Arce llegue al sur de pa\u00eds y trabaje en la reapertura de frontera, vacunas contra la covid-19 o en todo caso la generaci\u00f3n de empleos.-<\/p>\n","protected":false},"excerpt":{"rendered":"<p>Tras una reuni\u00f3n entre asociaciones y cooperativas fluviales, los chalaneros argentinos se comprometieron a cobrar 100 pesos argentinos al igual que lo bolivianos que realizan el traslado de personas en la frontera entre Aguas Blancas y Bermejo. A ra\u00edz del reclamo ciudadano y la falta de organizaci\u00f3n de los trabajadores de frontera, tambi\u00e9n se acord\u00f3 [&hellip;]<\/p>\n","protected":false},"author":2,"featured_media":21444,"comment_status":"open","ping_status":"open","sticky":false,"template":"","format":"standard","meta":{"tdm_status":"","tdm_grid_status":"","_joinchat":[],"footnotes":""},"categories":[73],"tags":[],"class_list":{"0":"post-21443","1":"post","2":"type-post","3":"status-publish","4":"format-standard","5":"has-post-thumbnail","7":"category-noticias-general"},"amp_enabled":true,"_links":{"self":[{"href":"https:\/\/www.todoeldia.com\/index.php\/wp-json\/wp\/v2\/posts\/21443","targetHints":{"allow":["GET"]}}],"collection":[{"href":"https:\/\/www.todoeldia.com\/index.php\/wp-json\/wp\/v2\/posts"}],"about":[{"href":"https:\/\/www.todoeldia.com\/index.php\/wp-json\/wp\/v2\/types\/post"}],"author":[{"embeddable":true,"href":"https:\/\/www.todoeldia.com\/index.php\/wp-json\/wp\/v2\/users\/2"}],"replies":[{"embeddable":true,"href":"https:\/\/www.todoeldia.com\/index.php\/wp-json\/wp\/v2\/comments?post=21443"}],"version-history":[{"count":1,"href":"https:\/\/www.todoeldia.com\/index.php\/wp-json\/wp\/v2\/posts\/21443\/revisions"}],"predecessor-version":[{"id":21445,"href":"https:\/\/www.todoeldia.com\/index.php\/wp-json\/wp\/v2\/posts\/21443\/revisions\/21445"}],"wp:featuredmedia":[{"embeddable":true,"href":"https:\/\/www.todoeldia.com\/index.php\/wp-json\/wp\/v2\/media\/21444"}],"wp:attachment":[{"href":"https:\/\/www.todoeldia.com\/index.php\/wp-json\/wp\/v2\/media?parent=21443"}],"wp:term":[{"taxonomy":"category","embeddable":true,"href":"https:\/\/www.todoeldia.com\/index.php\/wp-json\/wp\/v2\/categories?post=21443"},{"taxonomy":"post_tag","embeddable":true,"href":"https:\/\/www.todoeldia.com\/index.php\/wp-json\/wp\/v2\/tags?post=21443"}],"curies":[{"name":"wp","href":"https:\/\/api.w.org\/{rel}","templated":true}]}}