{"id":21456,"date":"2021-04-20T15:00:01","date_gmt":"2021-04-20T18:00:01","guid":{"rendered":"https:\/\/www.todoeldia.com\/?p=21456"},"modified":"2021-04-20T15:00:03","modified_gmt":"2021-04-20T18:00:03","slug":"se-abre-una-grieta-entre-la-procuracion-y-la-corte-de-justicia-por-el-caso-brunetti","status":"publish","type":"post","link":"https:\/\/www.todoeldia.com\/index.php\/2021\/04\/20\/se-abre-una-grieta-entre-la-procuracion-y-la-corte-de-justicia-por-el-caso-brunetti\/","title":{"rendered":"Se abre una grieta entre la Procuraci\u00f3n y la Corte de Justicia por el caso Brunetti"},"content":{"rendered":"\n<p>La Corte de Justicia de Salta ratific\u00f3 el pedido del Procurador General, obligando al municipio a publicitar a la comunidad toda la informaci\u00f3n p\u00fablica ambiental de C.I.A.C.S.A.<\/p>\n\n\n\n<p>Sin embargo, no hizo lugar al pedido de informaci\u00f3n sobre la relocalizaci\u00f3n del frigor\u00edfico, la auditor\u00eda social, las medidas ambientales para preservar a los vecinos ni actas de infracciones llevadas a cabo por la Municipalidad de Salta.<\/p>\n\n\n\n<p>El Procurador General de Salta, Abel Cornejo, present\u00f3 ante la Corte de Justicia un recurso urgente y extremo de un d\u00eda, para que el M\u00e1ximo Tribunal local revea su posici\u00f3n respecto a la relocalizaci\u00f3n de la firma Compa\u00f1\u00eda Industrial Argentina de Carnes Sociedad An\u00f3nima (C.I.A.C.S.A.) o \u201cFrigor\u00edfico Brunetti\u201d.<\/p>\n\n\n\n<p>La medida fue tomada luego de que la Corte desestimara la orden que hab\u00eda dado el juez de la C\u00e1mara de Apelaciones en lo Civil y Comercial, Marcelo Dom\u00ednguez, en septiembre de 2019.<\/p>\n\n\n\n<p>En efecto, ese a\u00f1o Dom\u00ednguez hizo lugar a un amparo presentado por el Ministerio P\u00fablico Fiscal contra la Secretar\u00eda de Ambiente y Servicios P\u00fablicos de la Municipalidad de la Ciudad de Salta por acceso a la informaci\u00f3n p\u00fablica ambiental. Es que Cornejo hab\u00eda solicitado en reiteradas oportunidades \u2013sin obtener respuesta- datos sobre el proceso de relocalizaci\u00f3n de frigor\u00edfico Brunetti, los resultados de una auditor\u00eda social que la comuna se hab\u00eda comprometido a realizar el 30 de junio de 2015 -y nunca se llev\u00f3 a cabo-, medidas ambientales para preservar a los vecinos de la zona y sanciones.<\/p>\n\n\n\n<p>El fallo de Dom\u00ednguez fue recurrido por la el Gobierno de la Ciudad de Salta y, el 7 de abril pasado, la Corte de Justicia de Salta ratific\u00f3 el pedido del Procurador General de la Provincia, obligando al municipio a publicitar a la comunidad toda la informaci\u00f3n p\u00fablica ambiental de C.I.A.C.S.A., en un plazo no superior a los veinte d\u00edas (20) h\u00e1biles bajo legal apercibimiento.<\/p>\n\n\n\n<p>Sin embargo, la Corte desestim\u00f3 la orden que hab\u00eda dado Dom\u00ednguez, de que se continuara colectando m\u00e1s informaci\u00f3n relativa a la Auditor\u00eda Social en las zonas aleda\u00f1as al C.I.A.C.S.A. -que deb\u00eda costear el Frigor\u00edfico-, prevista realizar ya hace m\u00e1s de 10 a\u00f1os y que en 2015 fue descartada por la Municipalidad con el argumento de que en 2013 se suscribi\u00f3 un acuerdo de relocalizaci\u00f3n con la Intendencia.<\/p>\n\n\n\n<p>Otra informaci\u00f3n que hab\u00eda requerido la Procuraci\u00f3n \u2013y Dom\u00ednguez hab\u00eda hecho lugar- estaba referida al proceso de relocalizaci\u00f3n del frigor\u00edfico. La Municipalidad respondi\u00f3 que, por ser un convenio ad refer\u00e9ndum del Concejo Deliberante, el tema es responsabilidad de ese cuerpo. Adem\u00e1s, justific\u00f3 que no avanza por razones presupuestarias, porque la comuna tendr\u00eda que compensar econ\u00f3micamente a C.I.A.C.S.A.<\/p>\n\n\n\n<p>Por todo esto, Cornejo se hab\u00eda quejado en el Tribunal de la paralizaci\u00f3n del expediente administrativo N\u00b0 55475-SG-2013, donde se tramita la aprobaci\u00f3n del acuerdo con la firma, pero no se viene llevando adelante los actos necesarios para el traslado.<\/p>\n\n\n\n<p>La Corte de Justicia de Salta argument\u00f3 en contra de lo solicitado por el Ministerio P\u00fablico Fiscal, aduciendo que era un amparo para conseguir informaci\u00f3n p\u00fablica, y que la Municipalidad de Salta, aun habiendo entregado una muy escueta y pobre informaci\u00f3n, hab\u00eda cumplido.<\/p>\n\n\n\n<p>Ante el fallo del M\u00e1ximo Tribunal salte\u00f1o, Cornejo present\u00f3 un recurso urgente y extremo de un d\u00eda, para que el M\u00e1ximo Tribunal local revea su posici\u00f3n ya que el derecho ambiental es un derecho humano constitucionalmente garantizado, y por ello el acceso a esta informaci\u00f3n debe ser objeto de un tratamiento especial.<\/p>\n","protected":false},"excerpt":{"rendered":"<p>La Corte de Justicia de Salta ratific\u00f3 el pedido del Procurador General, obligando al municipio a publicitar a la comunidad toda la informaci\u00f3n p\u00fablica ambiental de C.I.A.C.S.A. Sin embargo, no hizo lugar al pedido de informaci\u00f3n sobre la relocalizaci\u00f3n del frigor\u00edfico, la auditor\u00eda social, las medidas ambientales para preservar a los vecinos ni actas de [&hellip;]<\/p>\n","protected":false},"author":2,"featured_media":21457,"comment_status":"open","ping_status":"open","sticky":false,"template":"","format":"standard","meta":{"tdm_status":"","tdm_grid_status":"","_joinchat":[],"footnotes":""},"categories":[73],"tags":[],"class_list":{"0":"post-21456","1":"post","2":"type-post","3":"status-publish","4":"format-standard","5":"has-post-thumbnail","7":"category-noticias-general"},"amp_enabled":true,"_links":{"self":[{"href":"https:\/\/www.todoeldia.com\/index.php\/wp-json\/wp\/v2\/posts\/21456","targetHints":{"allow":["GET"]}}],"collection":[{"href":"https:\/\/www.todoeldia.com\/index.php\/wp-json\/wp\/v2\/posts"}],"about":[{"href":"https:\/\/www.todoeldia.com\/index.php\/wp-json\/wp\/v2\/types\/post"}],"author":[{"embeddable":true,"href":"https:\/\/www.todoeldia.com\/index.php\/wp-json\/wp\/v2\/users\/2"}],"replies":[{"embeddable":true,"href":"https:\/\/www.todoeldia.com\/index.php\/wp-json\/wp\/v2\/comments?post=21456"}],"version-history":[{"count":1,"href":"https:\/\/www.todoeldia.com\/index.php\/wp-json\/wp\/v2\/posts\/21456\/revisions"}],"predecessor-version":[{"id":21458,"href":"https:\/\/www.todoeldia.com\/index.php\/wp-json\/wp\/v2\/posts\/21456\/revisions\/21458"}],"wp:featuredmedia":[{"embeddable":true,"href":"https:\/\/www.todoeldia.com\/index.php\/wp-json\/wp\/v2\/media\/21457"}],"wp:attachment":[{"href":"https:\/\/www.todoeldia.com\/index.php\/wp-json\/wp\/v2\/media?parent=21456"}],"wp:term":[{"taxonomy":"category","embeddable":true,"href":"https:\/\/www.todoeldia.com\/index.php\/wp-json\/wp\/v2\/categories?post=21456"},{"taxonomy":"post_tag","embeddable":true,"href":"https:\/\/www.todoeldia.com\/index.php\/wp-json\/wp\/v2\/tags?post=21456"}],"curies":[{"name":"wp","href":"https:\/\/api.w.org\/{rel}","templated":true}]}}