{"id":21582,"date":"2021-04-22T18:41:52","date_gmt":"2021-04-22T21:41:52","guid":{"rendered":"https:\/\/www.todoeldia.com\/?p=21582"},"modified":"2021-04-22T18:41:53","modified_gmt":"2021-04-22T21:41:53","slug":"bajo-la-edad-en-los-contagios-de-coronavirus-la-nueva-franja-esta-entre-10-y-29-anos","status":"publish","type":"post","link":"https:\/\/www.todoeldia.com\/index.php\/2021\/04\/22\/bajo-la-edad-en-los-contagios-de-coronavirus-la-nueva-franja-esta-entre-10-y-29-anos\/","title":{"rendered":"Bajo la edad en los contagios de coronavirus: la nueva franja est\u00e1 entre 10 y 29 a\u00f1os"},"content":{"rendered":"\n<p>El a\u00f1o pasado este grupo etario presentaba el menor n\u00famero de personas que hab\u00edan contra\u00eddo el virus. La curva epidemiol\u00f3gica de la provincia presenta un crecimiento leve con un sostenido aumento de casos, similar a agosto de 2020. Adem\u00e1s, en los establecimientos educativos no se detectaron situaciones de transmisi\u00f3n intrainstitucional.<\/p>\n\n\n\n<p>\u201cActualmente, la franja etaria que refleja un mayor n\u00famero de casos de COVID-19 es la comprendida entre 10 y 29 a\u00f1os, a diferencia de lo que observ\u00e1bamos el a\u00f1o pasado, dado que eran los que menos se contagiaban\u201d, dijo Francisco Garc\u00eda Campos, jefe del programa de Vigilancia Epidemiol\u00f3gica.<\/p>\n\n\n\n<p>El funcionario indic\u00f3 que hoy la provincia tiene una duplicaci\u00f3n de casos de 28 d\u00edas.<\/p>\n\n\n\n<p>Garc\u00eda Campos explic\u00f3 que el a\u00f1o pasado el pico de contagios fue a mediados de septiembre, con 2421 en una semana epidemiol\u00f3gica. \u201cEn la semana 14 de este a\u00f1o, comprendida entre el 4 y el 10 de abril, se notificaron 1296 casos, situaci\u00f3n similar a la de fines de agosto de 2020\u201d, afirm\u00f3.<\/p>\n\n\n\n<p>El jefe de la Sala de Situaci\u00f3n del Ministerio de Salud P\u00fablica, Miguel Astudillo, expres\u00f3 que la curva epidemiol\u00f3gica de Salta \u201cpresenta un crecimiento leve con un sostenido aumento de casos, similar a los d\u00edas previos al pico de contagios de la primera ola\u201d.<\/p>\n\n\n\n<p>Astudillo se\u00f1al\u00f3 que el mapa epidemiol\u00f3gico de la provincia se compone acorde al riesgo sanitario de cada zona, \u201clos departamentos de alto riesgo de transmisi\u00f3n del virus son La Caldera, Los Andes, Rosario de Lerma, Capital, La Candelaria y Rosario de la Frontera\u201d.<\/p>\n\n\n\n<p>Garc\u00eda Campos inform\u00f3 que, hasta el mediod\u00eda, la ocupaci\u00f3n de camas en Unidades de Terapia Intensiva (UTI) es de 146, lo que representa un 78,4 por ciento de la disponibilidad.<\/p>\n\n\n\n<p>Adem\u00e1s, indic\u00f3 que desde el 4 y hasta el 17 de abril, \u201cpasamos de 1380 a 2538 casos confirmados. O sea, que aument\u00f3 un 1,84 por ciento el nivel de personas que contrajeron el virus en la provincia\u201d.<\/p>\n\n\n\n<p>El funcionario dijo tambi\u00e9n que en las \u00faltimas dos semanas se estudiaron 10.473 muestras, \u201cde las cuales se confirmaron un 24 por ciento, se descartaron un 52 por ciento y hay un 24 por ciento en proceso de clasificaci\u00f3n\u201d.<\/p>\n\n\n\n<p>En la provincia no hay confirmadas nuevas variantes del virus SARS-CoV-2. \u201cEstamos aguardando los resultados de las muestras enviadas al instituto Malbran de Buenos Aires, para saber si hay o no nuevas variantes circulando en Salta\u201d, afirm\u00f3 Garc\u00eda Campos.<\/p>\n\n\n\n<p>Situaci\u00f3n en las escuelas<\/p>\n\n\n\n<p>Miguel Astudillo, jefe de la Sala de Situaci\u00f3n, manifest\u00f3 que, desde inicios de abril, se registraron 895 eventos relacionados a alguna situaci\u00f3n de COVID-19 en escuelas de la provincia, sobre una poblaci\u00f3n aproximada de 500 mil personas, entre alumnos, personal docente y no docente.<\/p>\n\n\n\n<p>Del total de casos vinculados en los establecimientos educativos, el 52,96 por ciento corresponde a estudiantes.&nbsp;<\/p>\n\n\n\n<p>\u201cNo se detect\u00f3 ninguna situaci\u00f3n que configure una transmisi\u00f3n intrainstitucional de la infecci\u00f3n, es decir, que todos los casos se dieron fuera de la escuela, ya sea adquirido en la comunidad o por contacto estrecho\u201d, dijo Miguel Astudillo.<\/p>\n\n\n\n<p>Centros de testeo<\/p>\n\n\n\n<p>El jefe de la Sala de Situaci\u00f3n dijo que hasta el 15 de abril se tomaron 7925 muestras en los centros de testeo de la capital, obteniendo un \u00edndice de positividad del 18,25 por ciento.&nbsp; Con estos n\u00fameros dados a conocer hoy por Astudillo significa que en la Capital solo se realizaron 123 test por d\u00eda.<\/p>\n","protected":false},"excerpt":{"rendered":"<p>El a\u00f1o pasado este grupo etario presentaba el menor n\u00famero de personas que hab\u00edan contra\u00eddo el virus. La curva epidemiol\u00f3gica de la provincia presenta un crecimiento leve con un sostenido aumento de casos, similar a agosto de 2020. Adem\u00e1s, en los establecimientos educativos no se detectaron situaciones de transmisi\u00f3n intrainstitucional. \u201cActualmente, la franja etaria que [&hellip;]<\/p>\n","protected":false},"author":2,"featured_media":21583,"comment_status":"open","ping_status":"open","sticky":false,"template":"","format":"standard","meta":{"tdm_status":"","tdm_grid_status":"","_joinchat":[],"footnotes":""},"categories":[65],"tags":[],"class_list":{"0":"post-21582","1":"post","2":"type-post","3":"status-publish","4":"format-standard","5":"has-post-thumbnail","7":"category-coronavirus"},"amp_enabled":true,"_links":{"self":[{"href":"https:\/\/www.todoeldia.com\/index.php\/wp-json\/wp\/v2\/posts\/21582","targetHints":{"allow":["GET"]}}],"collection":[{"href":"https:\/\/www.todoeldia.com\/index.php\/wp-json\/wp\/v2\/posts"}],"about":[{"href":"https:\/\/www.todoeldia.com\/index.php\/wp-json\/wp\/v2\/types\/post"}],"author":[{"embeddable":true,"href":"https:\/\/www.todoeldia.com\/index.php\/wp-json\/wp\/v2\/users\/2"}],"replies":[{"embeddable":true,"href":"https:\/\/www.todoeldia.com\/index.php\/wp-json\/wp\/v2\/comments?post=21582"}],"version-history":[{"count":1,"href":"https:\/\/www.todoeldia.com\/index.php\/wp-json\/wp\/v2\/posts\/21582\/revisions"}],"predecessor-version":[{"id":21584,"href":"https:\/\/www.todoeldia.com\/index.php\/wp-json\/wp\/v2\/posts\/21582\/revisions\/21584"}],"wp:featuredmedia":[{"embeddable":true,"href":"https:\/\/www.todoeldia.com\/index.php\/wp-json\/wp\/v2\/media\/21583"}],"wp:attachment":[{"href":"https:\/\/www.todoeldia.com\/index.php\/wp-json\/wp\/v2\/media?parent=21582"}],"wp:term":[{"taxonomy":"category","embeddable":true,"href":"https:\/\/www.todoeldia.com\/index.php\/wp-json\/wp\/v2\/categories?post=21582"},{"taxonomy":"post_tag","embeddable":true,"href":"https:\/\/www.todoeldia.com\/index.php\/wp-json\/wp\/v2\/tags?post=21582"}],"curies":[{"name":"wp","href":"https:\/\/api.w.org\/{rel}","templated":true}]}}