{"id":21585,"date":"2021-04-22T18:54:21","date_gmt":"2021-04-22T21:54:21","guid":{"rendered":"https:\/\/www.todoeldia.com\/?p=21585"},"modified":"2021-04-22T18:54:22","modified_gmt":"2021-04-22T21:54:22","slug":"6-hombres-y-2-mujeres-detenidos-por-los-disturbios-en-el-centro-civico-municipal","status":"publish","type":"post","link":"https:\/\/www.todoeldia.com\/index.php\/2021\/04\/22\/6-hombres-y-2-mujeres-detenidos-por-los-disturbios-en-el-centro-civico-municipal\/","title":{"rendered":"6 hombres y 2 mujeres detenidos por los disturbios en el Centro C\u00edvico Municipal"},"content":{"rendered":"\n<p>La Fiscal\u00eda Penal N\u00b0 5 requiri\u00f3 al Juzgado de Garant\u00edas N\u00b0 3 la detenci\u00f3n de los manifestantes por privaci\u00f3n ileg\u00edtima de la libertad, coacci\u00f3n y da\u00f1os. Se encuentran demorados en la Unidad de Contraventores<\/p>\n\n\n\n<p>La fiscala Penal N\u00b0 5, Gabriela Buabse, solicit\u00f3 al Juzgado de Garant\u00edas N\u00b0 3 la detenci\u00f3n de ocho personas por privaci\u00f3n ileg\u00edtima de la libertad, coacci\u00f3n y da\u00f1os por los disturbios ocurridos ayer a la ma\u00f1ana en el Centro C\u00edvico Municipal (CCM).<\/p>\n\n\n\n<p>La medida fue tomada luego de que la Fiscala Penal investigara la denuncia radicada -ayer a las 14- por Carlos Alberto Lezcano en nombre de la Municipalidad de Salta por ingreso a la fuerza, da\u00f1os y amenazas. En el acta, identificaron a ocho personas (seis hombres y dos mujeres), que fueron demorados y se encuentran en la Unidad de Contraventores.<\/p>\n\n\n\n<p>Las grabaciones aportadas llevaron a la Fiscala a tomar la determinaci\u00f3n de solicitar la detenci\u00f3n y ma\u00f1ana ser\u00e1n imputados.<\/p>\n","protected":false},"excerpt":{"rendered":"<p>La Fiscal\u00eda Penal N\u00b0 5 requiri\u00f3 al Juzgado de Garant\u00edas N\u00b0 3 la detenci\u00f3n de los manifestantes por privaci\u00f3n ileg\u00edtima de la libertad, coacci\u00f3n y da\u00f1os. Se encuentran demorados en la Unidad de Contraventores La fiscala Penal N\u00b0 5, Gabriela Buabse, solicit\u00f3 al Juzgado de Garant\u00edas N\u00b0 3 la detenci\u00f3n de ocho personas por privaci\u00f3n [&hellip;]<\/p>\n","protected":false},"author":2,"featured_media":21587,"comment_status":"open","ping_status":"open","sticky":false,"template":"","format":"standard","meta":{"tdm_status":"","tdm_grid_status":"","_joinchat":[],"footnotes":""},"categories":[73],"tags":[],"class_list":{"0":"post-21585","1":"post","2":"type-post","3":"status-publish","4":"format-standard","5":"has-post-thumbnail","7":"category-noticias-general"},"amp_enabled":true,"_links":{"self":[{"href":"https:\/\/www.todoeldia.com\/index.php\/wp-json\/wp\/v2\/posts\/21585","targetHints":{"allow":["GET"]}}],"collection":[{"href":"https:\/\/www.todoeldia.com\/index.php\/wp-json\/wp\/v2\/posts"}],"about":[{"href":"https:\/\/www.todoeldia.com\/index.php\/wp-json\/wp\/v2\/types\/post"}],"author":[{"embeddable":true,"href":"https:\/\/www.todoeldia.com\/index.php\/wp-json\/wp\/v2\/users\/2"}],"replies":[{"embeddable":true,"href":"https:\/\/www.todoeldia.com\/index.php\/wp-json\/wp\/v2\/comments?post=21585"}],"version-history":[{"count":1,"href":"https:\/\/www.todoeldia.com\/index.php\/wp-json\/wp\/v2\/posts\/21585\/revisions"}],"predecessor-version":[{"id":21588,"href":"https:\/\/www.todoeldia.com\/index.php\/wp-json\/wp\/v2\/posts\/21585\/revisions\/21588"}],"wp:featuredmedia":[{"embeddable":true,"href":"https:\/\/www.todoeldia.com\/index.php\/wp-json\/wp\/v2\/media\/21587"}],"wp:attachment":[{"href":"https:\/\/www.todoeldia.com\/index.php\/wp-json\/wp\/v2\/media?parent=21585"}],"wp:term":[{"taxonomy":"category","embeddable":true,"href":"https:\/\/www.todoeldia.com\/index.php\/wp-json\/wp\/v2\/categories?post=21585"},{"taxonomy":"post_tag","embeddable":true,"href":"https:\/\/www.todoeldia.com\/index.php\/wp-json\/wp\/v2\/tags?post=21585"}],"curies":[{"name":"wp","href":"https:\/\/api.w.org\/{rel}","templated":true}]}}