{"id":21592,"date":"2021-04-22T19:02:15","date_gmt":"2021-04-22T22:02:15","guid":{"rendered":"https:\/\/www.todoeldia.com\/?p=21592"},"modified":"2021-04-22T19:02:17","modified_gmt":"2021-04-22T22:02:17","slug":"aberrante-no-detuvieron-al-motociclista-que-embistio-arrastro-a-una-nina-le-pateo-la-cara-y-huyo","status":"publish","type":"post","link":"https:\/\/www.todoeldia.com\/index.php\/2021\/04\/22\/aberrante-no-detuvieron-al-motociclista-que-embistio-arrastro-a-una-nina-le-pateo-la-cara-y-huyo\/","title":{"rendered":"Aberrante: no detuvieron al motociclista que embisti\u00f3, arrastr\u00f3 a una ni\u00f1a, le pate\u00f3 la cara y huy\u00f3"},"content":{"rendered":"\n<p>Un hombre es acusado por las lesiones causadas a una menor de tres a\u00f1os de edad, a quien embisti\u00f3 con su motocicleta, arrastr\u00f3 algunos metros y le dio un puntapi\u00e9 para poder huir. El juzgado de Garant\u00edas interviniente no hizo lugar al pedido de detenci\u00f3n del acusado.<\/p>\n\n\n\n<p>El fiscal penal 2, Ramiro Ramos Ossorio, investiga un siniestro vial ocurrido en la calle Borja D\u00edaz al 600 de la ciudad de Salta durante la tarde del pasado martes, cuando una menor de tres a\u00f1os, que se encontraba en compa\u00f1\u00eda de su hermano, tambi\u00e9n menor, fue embestida por un hombre que circulaba en una motocicleta tipo enduro, quien se dio a la fuga.<\/p>\n\n\n\n<p>La denuncia fue radicada por una t\u00eda de la menor, en raz\u00f3n de que sus padres se encontraban en el hospital Materno Infantil, donde la peque\u00f1a era asistida por las lesiones sufridas.<\/p>\n\n\n\n<p>Seg\u00fan relata la mujer, la ni\u00f1a cruzaba la calle con su hermano y en forma repentina apareci\u00f3 el motociclista, la embisti\u00f3, la arrastr\u00f3 algunos metros y le propin\u00f3 un puntapi\u00e9 en el rostro para poder huir.<\/p>\n\n\n\n<p>Del trabajo desplegado por los investigadores y con el aporte de c\u00e1maras de seguridad, se logr\u00f3 individualizar al desaprensivo conductor. Ramos Ossorio solicit\u00f3 su detenci\u00f3n al Juzgado de Garant\u00edas 3 en turno, pedido al que no se hizo lugar.<\/p>\n\n\n\n<p>En este marco, el fiscal abri\u00f3 decreto de imputaci\u00f3n contra el acusado como autor de los delitos de lesiones leves en siniestro vial agravado por la fuga y lesiones leves en concurso real.<\/p>\n","protected":false},"excerpt":{"rendered":"<p>Un hombre es acusado por las lesiones causadas a una menor de tres a\u00f1os de edad, a quien embisti\u00f3 con su motocicleta, arrastr\u00f3 algunos metros y le dio un puntapi\u00e9 para poder huir. El juzgado de Garant\u00edas interviniente no hizo lugar al pedido de detenci\u00f3n del acusado. El fiscal penal 2, Ramiro Ramos Ossorio, investiga [&hellip;]<\/p>\n","protected":false},"author":2,"featured_media":21593,"comment_status":"open","ping_status":"open","sticky":false,"template":"","format":"standard","meta":{"tdm_status":"","tdm_grid_status":"","_joinchat":[],"footnotes":""},"categories":[73],"tags":[],"class_list":{"0":"post-21592","1":"post","2":"type-post","3":"status-publish","4":"format-standard","5":"has-post-thumbnail","7":"category-noticias-general"},"amp_enabled":true,"_links":{"self":[{"href":"https:\/\/www.todoeldia.com\/index.php\/wp-json\/wp\/v2\/posts\/21592","targetHints":{"allow":["GET"]}}],"collection":[{"href":"https:\/\/www.todoeldia.com\/index.php\/wp-json\/wp\/v2\/posts"}],"about":[{"href":"https:\/\/www.todoeldia.com\/index.php\/wp-json\/wp\/v2\/types\/post"}],"author":[{"embeddable":true,"href":"https:\/\/www.todoeldia.com\/index.php\/wp-json\/wp\/v2\/users\/2"}],"replies":[{"embeddable":true,"href":"https:\/\/www.todoeldia.com\/index.php\/wp-json\/wp\/v2\/comments?post=21592"}],"version-history":[{"count":1,"href":"https:\/\/www.todoeldia.com\/index.php\/wp-json\/wp\/v2\/posts\/21592\/revisions"}],"predecessor-version":[{"id":21594,"href":"https:\/\/www.todoeldia.com\/index.php\/wp-json\/wp\/v2\/posts\/21592\/revisions\/21594"}],"wp:featuredmedia":[{"embeddable":true,"href":"https:\/\/www.todoeldia.com\/index.php\/wp-json\/wp\/v2\/media\/21593"}],"wp:attachment":[{"href":"https:\/\/www.todoeldia.com\/index.php\/wp-json\/wp\/v2\/media?parent=21592"}],"wp:term":[{"taxonomy":"category","embeddable":true,"href":"https:\/\/www.todoeldia.com\/index.php\/wp-json\/wp\/v2\/categories?post=21592"},{"taxonomy":"post_tag","embeddable":true,"href":"https:\/\/www.todoeldia.com\/index.php\/wp-json\/wp\/v2\/tags?post=21592"}],"curies":[{"name":"wp","href":"https:\/\/api.w.org\/{rel}","templated":true}]}}