{"id":21634,"date":"2021-04-23T14:54:18","date_gmt":"2021-04-23T17:54:18","guid":{"rendered":"https:\/\/www.todoeldia.com\/?p=21634"},"modified":"2021-04-23T14:54:19","modified_gmt":"2021-04-23T17:54:19","slug":"3-policias-de-la-brigada-de-oran-detenidos-por-torturas-con-submarino-seco-taladro-y-paseo-con-amenaza-de-muerte","status":"publish","type":"post","link":"https:\/\/www.todoeldia.com\/index.php\/2021\/04\/23\/3-policias-de-la-brigada-de-oran-detenidos-por-torturas-con-submarino-seco-taladro-y-paseo-con-amenaza-de-muerte\/","title":{"rendered":"3 policias de la Brigada de Or\u00e1n detenidos por torturas con submarino seco, taladro y paseo con amenaza de muerte"},"content":{"rendered":"\n<p>El Juzgado de Garant\u00edas 1 de Or\u00e1n hizo lugar al pedido de la fiscala penal de Derechos Humanos, Ver\u00f3nica Simesen de Bielke y orden\u00f3 la detenci\u00f3n de tres efectivos policiales de la Brigada de Investigaciones 2 de esa ciudad, por la supuesta comisi\u00f3n de los delitos de privaci\u00f3n ileg\u00edtima de la libertad, torturas y lesiones leves en concurso ideal.<\/p>\n\n\n\n<p>Se trata de un oficial y dos sargentos, quienes fueron detenidos durante el transcurso de este viernes.<\/p>\n\n\n\n<p>De la investigaci\u00f3n preliminar, surgi\u00f3 que los efectivos citaron al denunciante para que prestara declaraci\u00f3n testimonial en la Brigada de Investigaciones 2, a ra\u00edz del robo producido en el Supermercado Comod\u00edn de Or\u00e1n.<\/p>\n\n\n\n<p>Una vez all\u00ed, cometieron un claro exceso en el ejercicio de sus funciones y sin que existieran motivos razonables ni una orden de la autoridad competente, privaron ileg\u00edtimamente de la libertad ambulatoria al denunciante, a quien retuvieron desde las 18 del 8 de abril, hasta las 2:30 de la madrugada del d\u00eda siguiente, esposado y sin que pudiera irse de la dependencia policial.<\/p>\n\n\n\n<p>El accionar il\u00edcito de los detenidos se extendi\u00f3 hacia el despliegue de conductas del delito de torturas, ya que infligieron tormentos f\u00edsicos y ps\u00edquicos, de car\u00e1cter grave con el fin concreto de intimidar al denunciante, para obtener una confesi\u00f3n que atribuyera responsabilidades por el robo al supermercado a personas determinadas, en funci\u00f3n de las l\u00edneas investigativas que resultaban en beneficio de la intenci\u00f3n del personal para resolver la causa.<\/p>\n\n\n\n<p>Los actos se desarrollaron a trav\u00e9s de m\u00faltiples golpes y la colocaci\u00f3n en la cabeza de la v\u00edctima de bolsas pl\u00e1sticas, para intentar quebrantar su voluntad. Tambi\u00e9n exhibieron y prendieron un taladro, con el que amenazaron con provocarle lesiones y a trav\u00e9s de un recorrido en un veh\u00edculo perteneciente a la fuerza de seguridad por las calles del barrio 20 de Febrero, donde nuevamente lo amenazaron con llevarlo al basural, lugar en el que manifestaron que lo iban a matar y que se cuidara de denunciarlos, por lo que lo iba a pasar mal, \u00e9l y su familia.<\/p>\n\n\n\n<p>Uno de los efectivos tambi\u00e9n habr\u00eda incurrido en el delito de falsedad ideol\u00f3gica, que concurre en forma real con los dem\u00e1s delitos endilgados, ya que en su calidad de funcionario p\u00fablico, insert\u00f3 en un instrumento p\u00fablico una declaraci\u00f3n falsa, concerniente a un hecho que el documento deb\u00eda probar, al haber consignado como dichos del denunciante la responsabilidad por el robo al supermercado a las personas que los mismos efectivos policiales le hab\u00edan dicho que los incriminara.<\/p>\n\n\n\n<p>La fiscala penal Ver\u00f3nica Simesen de Bielke, sostuvo que la plataforma f\u00e1ctica fue corroborada con la denuncia y declaraci\u00f3n testimonial del denunciante, certificados m\u00e9dicos y un video y fotograf\u00edas aportadas por el propio denunciante, entre otros elementos de convicci\u00f3n reunidos, que dieron cuenta de la participaci\u00f3n punible de los imputados en los hechos expuestos.<\/p>\n","protected":false},"excerpt":{"rendered":"<p>El Juzgado de Garant\u00edas 1 de Or\u00e1n hizo lugar al pedido de la fiscala penal de Derechos Humanos, Ver\u00f3nica Simesen de Bielke y orden\u00f3 la detenci\u00f3n de tres efectivos policiales de la Brigada de Investigaciones 2 de esa ciudad, por la supuesta comisi\u00f3n de los delitos de privaci\u00f3n ileg\u00edtima de la libertad, torturas y lesiones [&hellip;]<\/p>\n","protected":false},"author":2,"featured_media":21635,"comment_status":"open","ping_status":"open","sticky":false,"template":"","format":"standard","meta":{"tdm_status":"","tdm_grid_status":"","_joinchat":[],"footnotes":""},"categories":[63],"tags":[],"class_list":{"0":"post-21634","1":"post","2":"type-post","3":"status-publish","4":"format-standard","5":"has-post-thumbnail","7":"category-policiales"},"amp_enabled":true,"_links":{"self":[{"href":"https:\/\/www.todoeldia.com\/index.php\/wp-json\/wp\/v2\/posts\/21634","targetHints":{"allow":["GET"]}}],"collection":[{"href":"https:\/\/www.todoeldia.com\/index.php\/wp-json\/wp\/v2\/posts"}],"about":[{"href":"https:\/\/www.todoeldia.com\/index.php\/wp-json\/wp\/v2\/types\/post"}],"author":[{"embeddable":true,"href":"https:\/\/www.todoeldia.com\/index.php\/wp-json\/wp\/v2\/users\/2"}],"replies":[{"embeddable":true,"href":"https:\/\/www.todoeldia.com\/index.php\/wp-json\/wp\/v2\/comments?post=21634"}],"version-history":[{"count":1,"href":"https:\/\/www.todoeldia.com\/index.php\/wp-json\/wp\/v2\/posts\/21634\/revisions"}],"predecessor-version":[{"id":21636,"href":"https:\/\/www.todoeldia.com\/index.php\/wp-json\/wp\/v2\/posts\/21634\/revisions\/21636"}],"wp:featuredmedia":[{"embeddable":true,"href":"https:\/\/www.todoeldia.com\/index.php\/wp-json\/wp\/v2\/media\/21635"}],"wp:attachment":[{"href":"https:\/\/www.todoeldia.com\/index.php\/wp-json\/wp\/v2\/media?parent=21634"}],"wp:term":[{"taxonomy":"category","embeddable":true,"href":"https:\/\/www.todoeldia.com\/index.php\/wp-json\/wp\/v2\/categories?post=21634"},{"taxonomy":"post_tag","embeddable":true,"href":"https:\/\/www.todoeldia.com\/index.php\/wp-json\/wp\/v2\/tags?post=21634"}],"curies":[{"name":"wp","href":"https:\/\/api.w.org\/{rel}","templated":true}]}}