{"id":21637,"date":"2021-04-23T15:04:40","date_gmt":"2021-04-23T18:04:40","guid":{"rendered":"https:\/\/www.todoeldia.com\/?p=21637"},"modified":"2021-04-23T15:04:41","modified_gmt":"2021-04-23T18:04:41","slug":"piden-18-anos-de-prision-para-comerciante-de-anta-involucrado-con-411-kilos-de-cocaina","status":"publish","type":"post","link":"https:\/\/www.todoeldia.com\/index.php\/2021\/04\/23\/piden-18-anos-de-prision-para-comerciante-de-anta-involucrado-con-411-kilos-de-cocaina\/","title":{"rendered":"Piden 18 a\u00f1os de prisi\u00f3n para comerciante de Anta involucrado con 411 kilos de coca\u00edna"},"content":{"rendered":"\n<p>El acusado es Jos\u00e9 Miguel Farf\u00e1n, cuyo nombre ha sido asociado a diferentes episodios de tr\u00e1fico de droga a gran escala ocurridos en el norte del pa\u00eds.<\/p>\n\n\n\n<p>El fiscal general de la Unidad Fiscal Salta, Carlos Mart\u00edn Amad, pidi\u00f3 ayer que se imponga la pena de 18 a\u00f1os de prisi\u00f3n a Jos\u00e9 Miguel Farf\u00e1n en el marco del juicio que se le sigue por su participaci\u00f3n en un caso de transporte de estupefacientes agravado por el n\u00famero de intervinientes.<\/p>\n\n\n\n<p>El debate se lleva adelante en el Tribunal Oral Federal N\u00b02, presidido por el juez Abel Fleming e integrado por los vocales Domingo Batule y Gabriela Catalano, quienes tienen previsto dar a conocer este viernes el veredicto y los fundamentos de la sentencia.<\/p>\n\n\n\n<p>Farf\u00e1n posee una condena previa por narcotr\u00e1fico y su nombre gan\u00f3 trascendencia cuando, durante una comunicaci\u00f3n telef\u00f3nica interceptada por orden judicial, devel\u00f3 haber pagado una coima al ex juez federal Antonio Sol\u00e1 Torino (f), quien por este hecho fue luego destituido y condenado.<\/p>\n\n\n\n<p>En su alegato, el fiscal Amad, a cargo del \u00c1rea de Transici\u00f3n de la Unidad Fiscal Salta, sindic\u00f3 a Farf\u00e1n como coautor del transporte de 411 kilos de coca\u00edna. El cargamento fue descubierto el 12 de septiembre de 2013 en la ruta 34, a la altura del kil\u00f3metro 680, en Santiago del Estero.<\/p>\n\n\n\n<p>Amad explic\u00f3 que la droga, que hab\u00eda salido de una finca que fue propiedad de Farf\u00e1n, en Apolinario Saravia, se hallaba oculta en una camioneta Toyota conducida por H\u00e9ctor Segundo, quien fue condenado a 11 a\u00f1os de prisi\u00f3n por el Tribunal Oral Federal N\u00b01.<\/p>\n\n\n\n<p>En esa oportunidad, los gendarmes que detuvieron a Segundo secuestraron en el rodado la documentaci\u00f3n del veh\u00edculo. El utilitario estaba a nombre de Eduardo Daniel Cat\u00e1n, quien recibi\u00f3 una condena de 17 a\u00f1os de c\u00e1rcel por este hecho. Por el mismo episodio es juzgado ahora Farf\u00e1n.<\/p>\n\n\n\n<p>Segundo tambi\u00e9n fue juzgado por otro hecho en el que se incautaron 390 kilos de coca\u00edna, en la causa conocida como El Chaguaral.<\/p>\n\n\n\n<p>El cargamento de 411 kilos de coca\u00edna fue descubierto el 12 de septiembre de 2013 en la ruta 34, a la altura del kil\u00f3metro 680, en Santiago del Estero.<\/p>\n\n\n\n<p>Genaro Atilio Ortiz y Eliseo Nieves, \u00e9ste \u00faltimo encargado de la finca de Farf\u00e1n, fueron condenados a las penas de 15 a\u00f1os y 7 a\u00f1os de prisi\u00f3n, respectivamente, tambi\u00e9n por haber participado en ambos transportes de droga, los 411 kilos en Santiago del Estero y los 390, en la finca El Chaguaral.<\/p>\n\n\n\n<p>La alusi\u00f3n de este caso, como el de un tercero en el que se secuestraron 356 kilos de coca\u00edna, fue realizada por el fiscal al momento de describir el escenario en el que se concretaron diversas operaciones de narcotr\u00e1fico, entramados a los cuales apareci\u00f3 asociado el nombre de Farf\u00e1n.<\/p>\n\n\n\n<p>Se trata de operaciones que ten\u00edan como base distintas localidades del departamento de Anta, zona donde el estupefaciente llegaba mediante la modalidad conocida como \u201cbombardeo de droga\u201d, lo cual exig\u00eda que las organizaciones adquirieran campos en la zona bajo la pantalla de actividades agropecuarias.<\/p>\n\n\n\n<p>Acusaci\u00f3n<\/p>\n\n\n\n<p>Al referirse a los 411 kilos de coca\u00edna, hecho por el cual Farf\u00e1n lleg\u00f3 a juicio, el fiscal sostuvo que el acusado ten\u00eda dominio sobre esa droga, aunque los investigadores no hubieran podido tomarle una fotograf\u00eda cuando cargaba las 12 bolsas de arpilleras que conten\u00edan el estupefaciente, o en otra acci\u00f3n cerca del cargamento.<\/p>\n\n\n\n<p>\u201cSucede que esas no son sus funciones, eso queda delegado a otras personas, pues Farf\u00e1n sabe que no puede ser visto cerca de la droga. Pero s\u00ed ejerce el dominio de la misma con la ejecuci\u00f3n de \u00f3rdenes previamente planificadas y conocidas a la perfecci\u00f3n por los otros integrantes de la organizaci\u00f3n criminal\u201d, explic\u00f3.<\/p>\n\n\n\n<p>Para el fiscal, Farf\u00e1n intervino en todo momento de la cadena del transporte, aunque de una manera ausente f\u00edsicamente. Coordin\u00f3 la obtenci\u00f3n del estupefaciente, dispuso su acondicionamiento y, al momento del embarque, fue al frente de todo el convoy, al volante de un autom\u00f3vil VW Vento azul, sin que pudiera ser detenido.<\/p>\n\n\n\n<p>En una comunicaciones telef\u00f3nica interceptada, Farf\u00e1n devel\u00f3 haber pagado una coima al ex juez federal Antonio Sol\u00e1 Torino (f), quien por este hecho fue luego destituido y condenado.<\/p>\n\n\n\n<p>El fiscal record\u00f3 que, al analizar estos hechos, el TOF N\u00ba 1 de Salta determin\u00f3 que Cat\u00e1n fue quien \u201caport\u00f3 los medios econ\u00f3micos y t\u00e9cnicos necesarios para la comisi\u00f3n del il\u00edcito, siendo que, espec\u00edficamente, aparec\u00eda como due\u00f1o de los veh\u00edculos utilizados por Ren\u00e9 H\u00e9ctor Segundo para el transporte de la droga y por Jos\u00e9 Miguel Farf\u00e1n para la acci\u00f3n de barrido de ruta, seguridad y protecci\u00f3n del transporte que se realizaba\u201d.<\/p>\n\n\n\n<p>Amad record\u00f3 se\u00f1alo que los jueces dieron por sentado que \u201cel 12 de septiembre de 2013 se pudo constatar la presencia de una camioneta Toyota Hilux, utilizada por Nieves; otra de la misma marca, pero conducida por Segundo y un veh\u00edculo marca VW Vento, utilizado por Jos\u00e9 Miguel Farf\u00e1n en una estaci\u00f3n de servicio de Apolinario Saravaia\u201d.<\/p>\n\n\n\n<p>El representante del MPF puso de relieve que este cuadro surge de la investigaci\u00f3n realizada por efectivos de la Gendarmer\u00eda Nacional, quienes vieron a Farf\u00e1n en ese lugar, al que tambi\u00e9n acudieron Nieves y Segundo, con lo cual se encontraba probado que la reuni\u00f3n tuvo como finalidad el repaso del plan dispuesto para el traslado de los 411 kilos de droga. La maniobra fue luego frustrada en el control de Peaje Fern\u00e1ndez.<\/p>\n\n\n\n<p>Justificaciones del acusado<\/p>\n\n\n\n<p>El fiscal desech\u00f3 las explicaciones dadas por Farf\u00e1n, en una audiencia previa, oportunidad en la que justific\u00f3 el haber estado pr\u00f3fugo por este hecho debido a las malas decisiones tomadas por su abogado defensor de entonces, a quien le endilg\u00f3 la responsabilidad, como tambi\u00e9n al ex juez fallecido Sol\u00e1 Torino y a su colega, el ex juez federal de Or\u00e1n, Ra\u00fal Reynoso.<\/p>\n\n\n\n<p>Farf\u00e1n tambi\u00e9n inculp\u00f3 a Nieves, quien era el encargado de una finca que pose\u00eda en esa zona. Adujo estar peleado por un asunto de negocios, raz\u00f3n por la cual su empleado lo implic\u00f3 en este hecho.<\/p>\n\n\n\n<p>Amad rechaz\u00f3 de manera tajante estos argumentos, pues indic\u00f3 que de haber salido bien la operaci\u00f3n todos ahora ser\u00edan grandes amigos. Calific\u00f3 de desesperados los intentos de Farf\u00e1n por desvincularse de Nieves, Cat\u00e1n y Segundo. Remarc\u00f3 que su presencia en el escenario de los hechos y su relaci\u00f3n con aquellas personas ya fue probada en el juicio que termin\u00f3 con la condena de los tres c\u00f3mplices.<\/p>\n\n\n\n<p>Tras repasar numerosas pruebas, entre ellas escuchas telef\u00f3nicas, el fiscal solicit\u00f3 para Farf\u00e1n una pena de 18 a\u00f1os de prisi\u00f3n por considerarlo coautor del delito de transporte de estupefacientes agravado. Tambi\u00e9n pidi\u00f3 la imposici\u00f3n de una multa y el decomiso de los bienes secuestrados.<\/p>\n\n\n\n<p>Por su parte, el abogado Mariano Sitelli, defensor de Farf\u00e1n, solicit\u00f3 la absoluci\u00f3n lisa y llana de su cliente por considerar que no existen pruebas en contra de su defendido, descalific\u00f3 la investigaci\u00f3n y sostuvo que los investigadores del caso s\u00f3lo quieren ver a Farf\u00e1n preso y condenado.<\/p>\n","protected":false},"excerpt":{"rendered":"<p>El acusado es Jos\u00e9 Miguel Farf\u00e1n, cuyo nombre ha sido asociado a diferentes episodios de tr\u00e1fico de droga a gran escala ocurridos en el norte del pa\u00eds. El fiscal general de la Unidad Fiscal Salta, Carlos Mart\u00edn Amad, pidi\u00f3 ayer que se imponga la pena de 18 a\u00f1os de prisi\u00f3n a Jos\u00e9 Miguel Farf\u00e1n en [&hellip;]<\/p>\n","protected":false},"author":2,"featured_media":21638,"comment_status":"open","ping_status":"open","sticky":false,"template":"","format":"standard","meta":{"tdm_status":"","tdm_grid_status":"","_joinchat":[],"footnotes":""},"categories":[73],"tags":[],"class_list":{"0":"post-21637","1":"post","2":"type-post","3":"status-publish","4":"format-standard","5":"has-post-thumbnail","7":"category-noticias-general"},"amp_enabled":true,"_links":{"self":[{"href":"https:\/\/www.todoeldia.com\/index.php\/wp-json\/wp\/v2\/posts\/21637","targetHints":{"allow":["GET"]}}],"collection":[{"href":"https:\/\/www.todoeldia.com\/index.php\/wp-json\/wp\/v2\/posts"}],"about":[{"href":"https:\/\/www.todoeldia.com\/index.php\/wp-json\/wp\/v2\/types\/post"}],"author":[{"embeddable":true,"href":"https:\/\/www.todoeldia.com\/index.php\/wp-json\/wp\/v2\/users\/2"}],"replies":[{"embeddable":true,"href":"https:\/\/www.todoeldia.com\/index.php\/wp-json\/wp\/v2\/comments?post=21637"}],"version-history":[{"count":1,"href":"https:\/\/www.todoeldia.com\/index.php\/wp-json\/wp\/v2\/posts\/21637\/revisions"}],"predecessor-version":[{"id":21639,"href":"https:\/\/www.todoeldia.com\/index.php\/wp-json\/wp\/v2\/posts\/21637\/revisions\/21639"}],"wp:featuredmedia":[{"embeddable":true,"href":"https:\/\/www.todoeldia.com\/index.php\/wp-json\/wp\/v2\/media\/21638"}],"wp:attachment":[{"href":"https:\/\/www.todoeldia.com\/index.php\/wp-json\/wp\/v2\/media?parent=21637"}],"wp:term":[{"taxonomy":"category","embeddable":true,"href":"https:\/\/www.todoeldia.com\/index.php\/wp-json\/wp\/v2\/categories?post=21637"},{"taxonomy":"post_tag","embeddable":true,"href":"https:\/\/www.todoeldia.com\/index.php\/wp-json\/wp\/v2\/tags?post=21637"}],"curies":[{"name":"wp","href":"https:\/\/api.w.org\/{rel}","templated":true}]}}