{"id":21698,"date":"2021-04-25T18:58:02","date_gmt":"2021-04-25T21:58:02","guid":{"rendered":"https:\/\/www.todoeldia.com\/?p=21698"},"modified":"2021-04-25T18:58:04","modified_gmt":"2021-04-25T21:58:04","slug":"murio-la-hermana-de-gladys-la-bomba-tucumana-estaba-internada-por-covid","status":"publish","type":"post","link":"https:\/\/www.todoeldia.com\/index.php\/2021\/04\/25\/murio-la-hermana-de-gladys-la-bomba-tucumana-estaba-internada-por-covid\/","title":{"rendered":"Muri\u00f3 la hermana de Gladys, La Bomba Tucumana: estaba internada por Covid"},"content":{"rendered":"\n<p>Olga Jim\u00e9nez se encontraba internada desde hace tiempo luchando contra el virus. La artista hab\u00eda hecho d\u00edas atr\u00e1s un pedido por ella en sus redes.<\/p>\n\n\n\n<p>Gladys, La Bomba Tucumana, perdi\u00f3 a su hermana, Olga, quien muri\u00f3 en las \u00faltimas horas por Covid.<\/p>\n\n\n\n<p>La informaci\u00f3n la dio a conocer \u00c1ngel de Brito a trav\u00e9s de su cuenta de Twitter.<\/p>\n\n\n\n<p>Falleci\u00f3 Olga Jim\u00e9nez la hermana de Gladys La Bomba Tucumana , confirma su hija en Facebook , estaba internada hace tiempo por Covid-19 Positivo\u201d, dec\u00eda la informaci\u00f3n.<\/p>\n\n\n\n<p>\u201cNo dejen de orar\u201d<\/p>\n\n\n\n<p>Gladys, La Bomba Tucumana, est\u00e1 atravesando un dif\u00edcil momento familiar hace ya varios d\u00edas debido al delicado estado de salud de su hermana mayor, Olga quien actualmente se encuentra internada por Covid-19. Es por esto que la cantante de la movida tropical acudi\u00f3 a su cuenta oficial de instagram para pedirles a todos sus seguidores a que se unan a una cadena de oraci\u00f3n.<\/p>\n\n\n\n<p>n este sentido, la ex participante de Cantando por un sue\u00f1o 2020 utiliz\u00f3 la secci\u00f3n de stories de la red social para hablar al respecto. \u201cGracias por estar ah\u00ed siempre, acompa\u00f1\u00e1ndome. Solo les pido que no dejen de orar por mi hermana\u201d, manifest\u00f3 Gladys entre l\u00e1grimas, claramente sensibilizada con la situaci\u00f3n.<\/p>\n\n\n\n<p>\u201cTodav\u00eda tenemos un hilo de fe y de esperanza de que va a salir\u201d, continu\u00f3 expresando la cantante. Si bien en la grabaci\u00f3n no aclar\u00f3 qu\u00e9 sucedi\u00f3 con su hermana, hace dos semanas cont\u00f3 que Olga estaba internada y hace cuatro d\u00edas inform\u00f3 que se encontraba en un estado \u201cmuy grave con respirador\u201d.<\/p>\n","protected":false},"excerpt":{"rendered":"<p>Olga Jim\u00e9nez se encontraba internada desde hace tiempo luchando contra el virus. La artista hab\u00eda hecho d\u00edas atr\u00e1s un pedido por ella en sus redes. Gladys, La Bomba Tucumana, perdi\u00f3 a su hermana, Olga, quien muri\u00f3 en las \u00faltimas horas por Covid. La informaci\u00f3n la dio a conocer \u00c1ngel de Brito a trav\u00e9s de su [&hellip;]<\/p>\n","protected":false},"author":2,"featured_media":21699,"comment_status":"open","ping_status":"open","sticky":false,"template":"","format":"standard","meta":{"tdm_status":"","tdm_grid_status":"","_joinchat":[],"footnotes":""},"categories":[120],"tags":[],"class_list":{"0":"post-21698","1":"post","2":"type-post","3":"status-publish","4":"format-standard","5":"has-post-thumbnail","7":"category-espectaculos-2"},"amp_enabled":true,"_links":{"self":[{"href":"https:\/\/www.todoeldia.com\/index.php\/wp-json\/wp\/v2\/posts\/21698","targetHints":{"allow":["GET"]}}],"collection":[{"href":"https:\/\/www.todoeldia.com\/index.php\/wp-json\/wp\/v2\/posts"}],"about":[{"href":"https:\/\/www.todoeldia.com\/index.php\/wp-json\/wp\/v2\/types\/post"}],"author":[{"embeddable":true,"href":"https:\/\/www.todoeldia.com\/index.php\/wp-json\/wp\/v2\/users\/2"}],"replies":[{"embeddable":true,"href":"https:\/\/www.todoeldia.com\/index.php\/wp-json\/wp\/v2\/comments?post=21698"}],"version-history":[{"count":1,"href":"https:\/\/www.todoeldia.com\/index.php\/wp-json\/wp\/v2\/posts\/21698\/revisions"}],"predecessor-version":[{"id":21700,"href":"https:\/\/www.todoeldia.com\/index.php\/wp-json\/wp\/v2\/posts\/21698\/revisions\/21700"}],"wp:featuredmedia":[{"embeddable":true,"href":"https:\/\/www.todoeldia.com\/index.php\/wp-json\/wp\/v2\/media\/21699"}],"wp:attachment":[{"href":"https:\/\/www.todoeldia.com\/index.php\/wp-json\/wp\/v2\/media?parent=21698"}],"wp:term":[{"taxonomy":"category","embeddable":true,"href":"https:\/\/www.todoeldia.com\/index.php\/wp-json\/wp\/v2\/categories?post=21698"},{"taxonomy":"post_tag","embeddable":true,"href":"https:\/\/www.todoeldia.com\/index.php\/wp-json\/wp\/v2\/tags?post=21698"}],"curies":[{"name":"wp","href":"https:\/\/api.w.org\/{rel}","templated":true}]}}