{"id":21770,"date":"2021-04-26T15:06:12","date_gmt":"2021-04-26T18:06:12","guid":{"rendered":"https:\/\/www.todoeldia.com\/?p=21770"},"modified":"2021-04-26T15:06:13","modified_gmt":"2021-04-26T18:06:13","slug":"detuvieron-al-ladron-especialista-en-centros-de-salud","status":"publish","type":"post","link":"https:\/\/www.todoeldia.com\/index.php\/2021\/04\/26\/detuvieron-al-ladron-especialista-en-centros-de-salud\/","title":{"rendered":"Detuvieron al ladr\u00f3n especialista en centros de salud"},"content":{"rendered":"\n<p>Bajo la direcci\u00f3n de las Fiscal\u00edas Penales N\u00b0 5 y 2 personal policial concret\u00f3 un allanamiento que tuvo como resultado la aprehensi\u00f3n de un sujeto implicado en al menos cinco il\u00edcitos cometidos en organismos de salud, secuestraron numerosos elementos que lo vincular\u00edan a la investigaci\u00f3n.<\/p>\n\n\n\n<p>Tras las denuncias recibidas de diversos il\u00edcitos, ocurridos en entidades de salud p\u00fablicas y privadas de nuestra ciudad, investigadores del sector 5 A realizaron un minucioso trabajo de an\u00e1lisis de c\u00e1maras de seguridad, y explotaci\u00f3n en redes sociales que permitieron individualizar al sospechoso.<\/p>\n\n\n\n<p>Luego de reunir pruebas y solicitar la respectiva orden judicial, se concret\u00f3 el allanamiento en una vivienda de Atocha donde se procedi\u00f3 a la demora del investigado, un joven de 22 a\u00f1os y el secuestro de elementos que lo vincular\u00edan en al menos cinco causas.<\/p>\n\n\n\n<p>Intervienen las Fiscal\u00edas Penales N\u00b0 2 y 5, y el Juzgado de Garant\u00edas N\u00b0 3.<\/p>\n","protected":false},"excerpt":{"rendered":"<p>Bajo la direcci\u00f3n de las Fiscal\u00edas Penales N\u00b0 5 y 2 personal policial concret\u00f3 un allanamiento que tuvo como resultado la aprehensi\u00f3n de un sujeto implicado en al menos cinco il\u00edcitos cometidos en organismos de salud, secuestraron numerosos elementos que lo vincular\u00edan a la investigaci\u00f3n. Tras las denuncias recibidas de diversos il\u00edcitos, ocurridos en entidades [&hellip;]<\/p>\n","protected":false},"author":2,"featured_media":21771,"comment_status":"open","ping_status":"open","sticky":false,"template":"","format":"standard","meta":{"tdm_status":"","tdm_grid_status":"","_joinchat":[],"footnotes":""},"categories":[73],"tags":[],"class_list":{"0":"post-21770","1":"post","2":"type-post","3":"status-publish","4":"format-standard","5":"has-post-thumbnail","7":"category-noticias-general"},"amp_enabled":true,"_links":{"self":[{"href":"https:\/\/www.todoeldia.com\/index.php\/wp-json\/wp\/v2\/posts\/21770","targetHints":{"allow":["GET"]}}],"collection":[{"href":"https:\/\/www.todoeldia.com\/index.php\/wp-json\/wp\/v2\/posts"}],"about":[{"href":"https:\/\/www.todoeldia.com\/index.php\/wp-json\/wp\/v2\/types\/post"}],"author":[{"embeddable":true,"href":"https:\/\/www.todoeldia.com\/index.php\/wp-json\/wp\/v2\/users\/2"}],"replies":[{"embeddable":true,"href":"https:\/\/www.todoeldia.com\/index.php\/wp-json\/wp\/v2\/comments?post=21770"}],"version-history":[{"count":1,"href":"https:\/\/www.todoeldia.com\/index.php\/wp-json\/wp\/v2\/posts\/21770\/revisions"}],"predecessor-version":[{"id":21772,"href":"https:\/\/www.todoeldia.com\/index.php\/wp-json\/wp\/v2\/posts\/21770\/revisions\/21772"}],"wp:featuredmedia":[{"embeddable":true,"href":"https:\/\/www.todoeldia.com\/index.php\/wp-json\/wp\/v2\/media\/21771"}],"wp:attachment":[{"href":"https:\/\/www.todoeldia.com\/index.php\/wp-json\/wp\/v2\/media?parent=21770"}],"wp:term":[{"taxonomy":"category","embeddable":true,"href":"https:\/\/www.todoeldia.com\/index.php\/wp-json\/wp\/v2\/categories?post=21770"},{"taxonomy":"post_tag","embeddable":true,"href":"https:\/\/www.todoeldia.com\/index.php\/wp-json\/wp\/v2\/tags?post=21770"}],"curies":[{"name":"wp","href":"https:\/\/api.w.org\/{rel}","templated":true}]}}