{"id":21817,"date":"2021-04-27T10:11:37","date_gmt":"2021-04-27T13:11:37","guid":{"rendered":"https:\/\/www.todoeldia.com\/?p=21817"},"modified":"2021-04-27T10:11:38","modified_gmt":"2021-04-27T13:11:38","slug":"la-semana-proxima-se-inicia-el-juicio-de-jimena-salas-declararan-mas-de-100-testigos","status":"publish","type":"post","link":"https:\/\/www.todoeldia.com\/index.php\/2021\/04\/27\/la-semana-proxima-se-inicia-el-juicio-de-jimena-salas-declararan-mas-de-100-testigos\/","title":{"rendered":"La semana pr\u00f3xima se inicia el Juicio de Jimena Salas: declarar\u00e1n m\u00e1s de 100 testigos"},"content":{"rendered":"\n<p>Del 3 al 21 de mayo, se desarrollar\u00e1 en la Sala VII del Tribunal de Juicio del distrito Centro, la audiencia de debate contra Sergio Horacio Vargas y Nicol\u00e1s Federico Cajal Gauff\u00edn. Las partes citaron a m\u00e1s de 100 testigos a declarar.<\/p>\n\n\n\n<p>Los fiscales penales Ana In\u00e9s Salinas Odorisio, Gustavo Torres Rubelt y Ramiro Ramos Ossorio, representar\u00e1n al Ministerio P\u00fablico ante la Sala VII del Tribunal de Juicio del distrito Centro en la audiencia de debate contra Sergio Horacio Vargas como part\u00edcipe secundario del delito de homicidio triplemente calificado por ser cometido con alevos\u00eda y ensa\u00f1amiento y por precio de o promesa remuneratoria en contra de Jimena Beatriz Salas y en contra de Nicol\u00e1s Federico Cajal Gauffin como autor responsable del delito de encubrimiento agravado en perjuicio de la administraci\u00f3n de justicia.<\/p>\n\n\n\n<p>La audiencia ser\u00e1 presidida por el juez Francisco Mascarello y est\u00e1 previsto que se desarrolle del 3 al 21 de mayo en jornadas que iniciar\u00e1n a las 8 y para las que las partes citaron a m\u00e1s de 100 testigos a declarar.<\/p>\n","protected":false},"excerpt":{"rendered":"<p>Del 3 al 21 de mayo, se desarrollar\u00e1 en la Sala VII del Tribunal de Juicio del distrito Centro, la audiencia de debate contra Sergio Horacio Vargas y Nicol\u00e1s Federico Cajal Gauff\u00edn. Las partes citaron a m\u00e1s de 100 testigos a declarar. Los fiscales penales Ana In\u00e9s Salinas Odorisio, Gustavo Torres Rubelt y Ramiro Ramos [&hellip;]<\/p>\n","protected":false},"author":2,"featured_media":21818,"comment_status":"open","ping_status":"open","sticky":false,"template":"","format":"standard","meta":{"tdm_status":"","tdm_grid_status":"","_joinchat":[],"footnotes":""},"categories":[73],"tags":[],"class_list":{"0":"post-21817","1":"post","2":"type-post","3":"status-publish","4":"format-standard","5":"has-post-thumbnail","7":"category-noticias-general"},"amp_enabled":true,"_links":{"self":[{"href":"https:\/\/www.todoeldia.com\/index.php\/wp-json\/wp\/v2\/posts\/21817","targetHints":{"allow":["GET"]}}],"collection":[{"href":"https:\/\/www.todoeldia.com\/index.php\/wp-json\/wp\/v2\/posts"}],"about":[{"href":"https:\/\/www.todoeldia.com\/index.php\/wp-json\/wp\/v2\/types\/post"}],"author":[{"embeddable":true,"href":"https:\/\/www.todoeldia.com\/index.php\/wp-json\/wp\/v2\/users\/2"}],"replies":[{"embeddable":true,"href":"https:\/\/www.todoeldia.com\/index.php\/wp-json\/wp\/v2\/comments?post=21817"}],"version-history":[{"count":1,"href":"https:\/\/www.todoeldia.com\/index.php\/wp-json\/wp\/v2\/posts\/21817\/revisions"}],"predecessor-version":[{"id":21819,"href":"https:\/\/www.todoeldia.com\/index.php\/wp-json\/wp\/v2\/posts\/21817\/revisions\/21819"}],"wp:featuredmedia":[{"embeddable":true,"href":"https:\/\/www.todoeldia.com\/index.php\/wp-json\/wp\/v2\/media\/21818"}],"wp:attachment":[{"href":"https:\/\/www.todoeldia.com\/index.php\/wp-json\/wp\/v2\/media?parent=21817"}],"wp:term":[{"taxonomy":"category","embeddable":true,"href":"https:\/\/www.todoeldia.com\/index.php\/wp-json\/wp\/v2\/categories?post=21817"},{"taxonomy":"post_tag","embeddable":true,"href":"https:\/\/www.todoeldia.com\/index.php\/wp-json\/wp\/v2\/tags?post=21817"}],"curies":[{"name":"wp","href":"https:\/\/api.w.org\/{rel}","templated":true}]}}