{"id":21829,"date":"2021-04-27T11:18:02","date_gmt":"2021-04-27T14:18:02","guid":{"rendered":"https:\/\/www.todoeldia.com\/?p=21829"},"modified":"2021-04-27T11:18:03","modified_gmt":"2021-04-27T14:18:03","slug":"operaron-del-corazon-al-presidente-de-la-camara-de-diputados-esteban-amat","status":"publish","type":"post","link":"https:\/\/www.todoeldia.com\/index.php\/2021\/04\/27\/operaron-del-corazon-al-presidente-de-la-camara-de-diputados-esteban-amat\/","title":{"rendered":"Operaron del coraz\u00f3n al presidente de la C\u00e1mara de diputados, Esteban Amat"},"content":{"rendered":"\n<p>El titular de la C\u00e1mara Baja, Esteban Amat, fue internado este martes en el Instituto M\u00e9dico de Alta Complejidad, de la ciudad de Salta, donde debi\u00f3 ser intervenido quir\u00fargicamente tras una fuerte dolencia card\u00edaca.<\/p>\n\n\n\n<p>El presidente del Cuerpo, ingres\u00f3 en la guardia del sanatorio IMAC por sus propios medios, con un cuadro de fuerte dolencia en la zona card\u00edaca, por lo que los m\u00e9dicos especialistas realizaron estudios que derivaron en la posterior cirug\u00eda.&nbsp;<\/p>\n\n\n\n<p>Luego de la cirug\u00eda, se informar\u00e1 el parte m\u00e9dico de su estado de salud. &nbsp;As\u00ed lo expresa un comunicado firmado por los secretarios Legislativo y Administrativo, R\u00faa Medina y Gast\u00f3n Galindez<\/p>\n","protected":false},"excerpt":{"rendered":"<p>El titular de la C\u00e1mara Baja, Esteban Amat, fue internado este martes en el Instituto M\u00e9dico de Alta Complejidad, de la ciudad de Salta, donde debi\u00f3 ser intervenido quir\u00fargicamente tras una fuerte dolencia card\u00edaca. El presidente del Cuerpo, ingres\u00f3 en la guardia del sanatorio IMAC por sus propios medios, con un cuadro de fuerte dolencia [&hellip;]<\/p>\n","protected":false},"author":2,"featured_media":21830,"comment_status":"open","ping_status":"open","sticky":false,"template":"","format":"standard","meta":{"tdm_status":"","tdm_grid_status":"","_joinchat":[],"footnotes":""},"categories":[73],"tags":[],"class_list":{"0":"post-21829","1":"post","2":"type-post","3":"status-publish","4":"format-standard","5":"has-post-thumbnail","7":"category-noticias-general"},"amp_enabled":true,"_links":{"self":[{"href":"https:\/\/www.todoeldia.com\/index.php\/wp-json\/wp\/v2\/posts\/21829","targetHints":{"allow":["GET"]}}],"collection":[{"href":"https:\/\/www.todoeldia.com\/index.php\/wp-json\/wp\/v2\/posts"}],"about":[{"href":"https:\/\/www.todoeldia.com\/index.php\/wp-json\/wp\/v2\/types\/post"}],"author":[{"embeddable":true,"href":"https:\/\/www.todoeldia.com\/index.php\/wp-json\/wp\/v2\/users\/2"}],"replies":[{"embeddable":true,"href":"https:\/\/www.todoeldia.com\/index.php\/wp-json\/wp\/v2\/comments?post=21829"}],"version-history":[{"count":1,"href":"https:\/\/www.todoeldia.com\/index.php\/wp-json\/wp\/v2\/posts\/21829\/revisions"}],"predecessor-version":[{"id":21831,"href":"https:\/\/www.todoeldia.com\/index.php\/wp-json\/wp\/v2\/posts\/21829\/revisions\/21831"}],"wp:featuredmedia":[{"embeddable":true,"href":"https:\/\/www.todoeldia.com\/index.php\/wp-json\/wp\/v2\/media\/21830"}],"wp:attachment":[{"href":"https:\/\/www.todoeldia.com\/index.php\/wp-json\/wp\/v2\/media?parent=21829"}],"wp:term":[{"taxonomy":"category","embeddable":true,"href":"https:\/\/www.todoeldia.com\/index.php\/wp-json\/wp\/v2\/categories?post=21829"},{"taxonomy":"post_tag","embeddable":true,"href":"https:\/\/www.todoeldia.com\/index.php\/wp-json\/wp\/v2\/tags?post=21829"}],"curies":[{"name":"wp","href":"https:\/\/api.w.org\/{rel}","templated":true}]}}