{"id":21971,"date":"2021-04-29T10:14:12","date_gmt":"2021-04-29T13:14:12","guid":{"rendered":"https:\/\/www.todoeldia.com\/?p=21971"},"modified":"2021-04-29T10:14:14","modified_gmt":"2021-04-29T13:14:14","slug":"avanza-el-pedido-de-jury-contra-la-defensora-oficial-diaz-la-suspenden-y-embargan-el-30-por-ciento-de-sus-haberes","status":"publish","type":"post","link":"https:\/\/www.todoeldia.com\/index.php\/2021\/04\/29\/avanza-el-pedido-de-jury-contra-la-defensora-oficial-diaz-la-suspenden-y-embargan-el-30-por-ciento-de-sus-haberes\/","title":{"rendered":"Avanza el pedido de Jury contra la Defensora Oficial D\u00edaz, la suspenden y embargan el 30 por ciento de sus haberes"},"content":{"rendered":"\n<p>El Jurado de Enjuiciamiento de Magistrados dispuso hoy la admisibilidad formal de las acusaciones que fueran formuladas por el Procurador General de la Provincia y el Defensor General de la Provincia contra la Defensora Oficial Civil 1 de Tartagal, Rosa Fabiola D\u00edaz. Se dispuso adem\u00e1s suspenderla provisoriamente y trabarle embargo sobre el 30 por ciento de los haberes de la funcionaria enjuiciada.<\/p>\n\n\n\n<p>Las acusaciones contra la funcionaria podr\u00edan configurar \u2013dijeron los miembros del Jurado de Enjuiciamiento- \u201cprima facie, mediante una valoraci\u00f3n integral y arm\u00f3nica, y con el grado de probabilidad requerido en esta instancia, las causales de comisi\u00f3n de delito com\u00fan, mala conducta, mal desempe\u00f1o y falta de cumplimiento de los deberes a su cargo\u201d.<\/p>\n\n\n\n<p>Las acusaciones \u2013sostuvieron- no pueden ser tomadas como \u201csimples disconformidades\u201d con la actuaci\u00f3n de D\u00edaz en el desempe\u00f1o de su funci\u00f3n. \u201cNo se tratan solo de apreciaciones subjetivas o pareceres acerca de la forma en que ha desarrollado la magistratura oportunamente encomendada; por el contrario, en esta etapa procesal se aprecia que se han expuesto argumentaciones suficientes que sustentan, siempre en un primer orden de an\u00e1lisis, indicios sobre cuya base se podr\u00eda arribar a la conclusi\u00f3n de la existencia de aquellas causales de remoci\u00f3n, con especial sustento en la prueba arrimada hasta esta instancia al Jurado.<\/p>\n\n\n\n<p>Los miembros del Jurado resolvieron abrir la causa a prueba por el t\u00e9rmino de 20 d\u00edas pudiendo, durante los primeros cinco d\u00edas, ratificar o ampliar aquella prueba ofrecida en el inicio del proceso. Una vez incorporada esta prueba se fijar\u00e1 d\u00eda y hora para el inicio del debate.<\/p>\n\n\n\n<p>La reuni\u00f3n del Jurado fue encabezada por el Presidente de la Corte de Justicia, Guillermo Catalano, con la presencia del Juez de Corte Horacio Jos\u00e9 Aguilar; el Fiscal de Estado Agust\u00edn P\u00e9rez Alsina; el senador Jorge Pablo Soto (representante por la mayor\u00eda); la senadora Mar\u00eda Silvina Abil\u00e9s (representante por la primera minor\u00eda); la diputada provincial Alejandra Beatriz Navarro (representante por la primera minor\u00eda de la C\u00e1mara de Diputados); el abogado de la matr\u00edcula designado por el Senado, Guillermo L\u00f3pez Mirau y el abogado de la matr\u00edcula designado por la C\u00e1mara de Diputados, Pedro Mellado.<\/p>\n\n\n\n<p>De la informaci\u00f3n suministrada profusamente por los medios de comunicaci\u00f3n y las constancias del sistema de Denuncias del Ministerio P\u00fablico Fiscal, surgi\u00f3 que Sandra Liliana D\u00edaz denunci\u00f3 a sus hermanas, Rosa Fabiola D\u00edaz (Defensora oficial) y Paola Alejandra D\u00edaz (Concejal), por tener acopiadas las donaciones de distintas fundaciones y organizaciones intermedias, durante todo 2020 y hasta la actualidad. Lo retenido en Tartagal, no fue entregado sus destinatarios y en cambio, habr\u00eda sido comercializado por ambas. Las supuestas donaciones fueron presuntamente realizadas por las Fundaciones Noble, River Plate, Marinaro, entre otras y consistieron en bienes tales como pa\u00f1ales, zapatillas, indumentarias, agua mineral, alimentos no perecederos y art\u00edculos de limpieza e higiene personal, cuyas beneficiarias ser\u00edan las comunidades abor\u00edgenes de la zona. Los hechos tomaron estado p\u00fablico el 4 de febrero del corriente a\u00f1o<\/p>\n","protected":false},"excerpt":{"rendered":"<p>El Jurado de Enjuiciamiento de Magistrados dispuso hoy la admisibilidad formal de las acusaciones que fueran formuladas por el Procurador General de la Provincia y el Defensor General de la Provincia contra la Defensora Oficial Civil 1 de Tartagal, Rosa Fabiola D\u00edaz. Se dispuso adem\u00e1s suspenderla provisoriamente y trabarle embargo sobre el 30 por ciento [&hellip;]<\/p>\n","protected":false},"author":2,"featured_media":21972,"comment_status":"open","ping_status":"open","sticky":false,"template":"","format":"standard","meta":{"tdm_status":"","tdm_grid_status":"","_joinchat":[],"footnotes":""},"categories":[73],"tags":[],"class_list":{"0":"post-21971","1":"post","2":"type-post","3":"status-publish","4":"format-standard","5":"has-post-thumbnail","7":"category-noticias-general"},"amp_enabled":true,"_links":{"self":[{"href":"https:\/\/www.todoeldia.com\/index.php\/wp-json\/wp\/v2\/posts\/21971","targetHints":{"allow":["GET"]}}],"collection":[{"href":"https:\/\/www.todoeldia.com\/index.php\/wp-json\/wp\/v2\/posts"}],"about":[{"href":"https:\/\/www.todoeldia.com\/index.php\/wp-json\/wp\/v2\/types\/post"}],"author":[{"embeddable":true,"href":"https:\/\/www.todoeldia.com\/index.php\/wp-json\/wp\/v2\/users\/2"}],"replies":[{"embeddable":true,"href":"https:\/\/www.todoeldia.com\/index.php\/wp-json\/wp\/v2\/comments?post=21971"}],"version-history":[{"count":1,"href":"https:\/\/www.todoeldia.com\/index.php\/wp-json\/wp\/v2\/posts\/21971\/revisions"}],"predecessor-version":[{"id":21973,"href":"https:\/\/www.todoeldia.com\/index.php\/wp-json\/wp\/v2\/posts\/21971\/revisions\/21973"}],"wp:featuredmedia":[{"embeddable":true,"href":"https:\/\/www.todoeldia.com\/index.php\/wp-json\/wp\/v2\/media\/21972"}],"wp:attachment":[{"href":"https:\/\/www.todoeldia.com\/index.php\/wp-json\/wp\/v2\/media?parent=21971"}],"wp:term":[{"taxonomy":"category","embeddable":true,"href":"https:\/\/www.todoeldia.com\/index.php\/wp-json\/wp\/v2\/categories?post=21971"},{"taxonomy":"post_tag","embeddable":true,"href":"https:\/\/www.todoeldia.com\/index.php\/wp-json\/wp\/v2\/tags?post=21971"}],"curies":[{"name":"wp","href":"https:\/\/api.w.org\/{rel}","templated":true}]}}