{"id":22595,"date":"2021-05-09T22:11:36","date_gmt":"2021-05-10T01:11:36","guid":{"rendered":"https:\/\/www.todoeldia.com\/?p=22595"},"modified":"2021-05-09T22:11:37","modified_gmt":"2021-05-10T01:11:37","slug":"video-iba-alcoholizado-choco-su-audi-contra-una-columna-y-murieron-sus-dos-amigos","status":"publish","type":"post","link":"https:\/\/www.todoeldia.com\/index.php\/2021\/05\/09\/video-iba-alcoholizado-choco-su-audi-contra-una-columna-y-murieron-sus-dos-amigos\/","title":{"rendered":"Video: iba alcoholizado, choc\u00f3 su Audi contra una columna y murieron sus dos amigos"},"content":{"rendered":"\n<p>Sucedi\u00f3 en el camino de los Remeros en Tigre. El conductor, de 19 a\u00f1os, dio 1.39 gramos por litro de alcohol en sangre: el triple de lo permitido. Fue detenido por homicidio culposo.<\/p>\n\n\n\n<figure class=\"wp-block-embed is-type-video is-provider-youtube wp-block-embed-youtube wp-embed-aspect-16-9 wp-has-aspect-ratio\"><div class=\"wp-block-embed__wrapper\">\n<iframe loading=\"lazy\" title=\"TRAGEDIA EN TIGRE: Dos adolescentes se mataron al chocar contra una columna en Camino de los Remeros\" width=\"696\" height=\"392\" src=\"https:\/\/www.youtube.com\/embed\/M9P208ZYAO8?feature=oembed\" frameborder=\"0\" allow=\"accelerometer; autoplay; clipboard-write; encrypted-media; gyroscope; picture-in-picture\" allowfullscreen><\/iframe>\n<\/div><\/figure>\n\n\n\n<p>Ocurri\u00f3 durante la madrugada en camino de Los Remeros y Avenida Santa Mar\u00eda de Rinc\u00f3n de Milberg, en Tigre. A bordo de un Audi A4 color gris cuatro adolescentes, de entre 18 y 19 a\u00f1os, viajaban a alta velocidad. En la secuencia, que dura apenas unos segundos, y que qued\u00f3 registrada por las C\u00e1maras de Seguridad del Municipio, se ve bien c\u00f3mo, en una maniobra, el conductor perdi\u00f3 el control del veh\u00edculo y se estrell\u00f3 con contra una columna met\u00e1lica.<\/p>\n\n\n\n<p>El accidente fatal sucedi\u00f3 alrededor de las 4 de la madrugada (horario en el que est\u00e1 prohibido circular, tanto por la provincia como por la ciudad de Buenos Aires) y sus causas todav\u00eda est\u00e1n bajo investigaci\u00f3n. Como resultado del violento impacto, dos ocupantes murieron en el acto. El conductor y un cuarto ocupante sobrevivieron y fueron hospitalizados.<\/p>\n\n\n\n<p>El joven que iba al volante, identificado como Joaqu\u00edn Duhalde Bisi, de19 a\u00f1os, dio positivo al test de alcoholemia con 1,39 grados de alcohol en sangre, es decir, el triple de lo permitido. Aunque qued\u00f3 imputado por \u201chomicidio culposo\u201d, de acuerdo con fuentes de la investigaci\u00f3n, se le podr\u00eda imputar un delito a\u00fan m\u00e1s grave.<\/p>\n\n\n\n<p>Las v\u00edctimas, Franco Rossi y Joaqu\u00edn \u201cJojo\u201d Alimonda, de 18 a\u00f1os, fallecieron en el acto. Ambos viajaban del lado derecho del auto. El primero de ellos iba sentado en el asiento del acompa\u00f1ante del conductor y el otro, en la parte de atr\u00e1s donde impacto el guardarril. Un cuarto amigo, Mateo \u201cColo\u201d Lezama tambi\u00e9n de 18 a\u00f1os, viajaba junto a Alimonda en la parte de atr\u00e1s pero se salv\u00f3.<\/p>\n\n\n\n<p>Por lo que pudo averiguar Infobae, los cuatro j\u00f3venes fueron juntos al Colegio Santa Teresa de Tigre, pertenecen a la camada de \u201cEgresados 2019\u2033 y, al d\u00eda de hoy, manten\u00edan su amistad.<\/p>\n\n\n\n<p>Fuentes del caso confirmaron a este medio que el conductor vive en el barrio privado El Atardecer y fue detenido, acusado de homicidio culposo. Apenas sufri\u00f3 heridas leves. Tanto \u00e9l como Lezama estaban conscientes despu\u00e9s del impacto. \u201cEn lo que respecta al veh\u00edculo, aunque est\u00e1 a nombre de un empresa, todo hace pensar que era del padre del pap\u00e1 de Duhalde Bisi, ya que en el interior hab\u00eda documentaci\u00f3n y pertenec\u00edas suyas\u201d, explicaron a Infobae allegados a la investigaci\u00f3n.<\/p>\n\n\n\n<p>Por el caso intervino la Fiscal Doctora Laura Capra, de la UFI de Benav\u00eddez en turno este fin de semana.<\/p>\n","protected":false},"excerpt":{"rendered":"<p>Sucedi\u00f3 en el camino de los Remeros en Tigre. El conductor, de 19 a\u00f1os, dio 1.39 gramos por litro de alcohol en sangre: el triple de lo permitido. Fue detenido por homicidio culposo. Ocurri\u00f3 durante la madrugada en camino de Los Remeros y Avenida Santa Mar\u00eda de Rinc\u00f3n de Milberg, en Tigre. A bordo de [&hellip;]<\/p>\n","protected":false},"author":2,"featured_media":22596,"comment_status":"open","ping_status":"open","sticky":false,"template":"","format":"standard","meta":{"tdm_status":"","tdm_grid_status":"","_joinchat":[],"footnotes":""},"categories":[73],"tags":[],"class_list":{"0":"post-22595","1":"post","2":"type-post","3":"status-publish","4":"format-standard","5":"has-post-thumbnail","7":"category-noticias-general"},"amp_enabled":true,"_links":{"self":[{"href":"https:\/\/www.todoeldia.com\/index.php\/wp-json\/wp\/v2\/posts\/22595","targetHints":{"allow":["GET"]}}],"collection":[{"href":"https:\/\/www.todoeldia.com\/index.php\/wp-json\/wp\/v2\/posts"}],"about":[{"href":"https:\/\/www.todoeldia.com\/index.php\/wp-json\/wp\/v2\/types\/post"}],"author":[{"embeddable":true,"href":"https:\/\/www.todoeldia.com\/index.php\/wp-json\/wp\/v2\/users\/2"}],"replies":[{"embeddable":true,"href":"https:\/\/www.todoeldia.com\/index.php\/wp-json\/wp\/v2\/comments?post=22595"}],"version-history":[{"count":1,"href":"https:\/\/www.todoeldia.com\/index.php\/wp-json\/wp\/v2\/posts\/22595\/revisions"}],"predecessor-version":[{"id":22597,"href":"https:\/\/www.todoeldia.com\/index.php\/wp-json\/wp\/v2\/posts\/22595\/revisions\/22597"}],"wp:featuredmedia":[{"embeddable":true,"href":"https:\/\/www.todoeldia.com\/index.php\/wp-json\/wp\/v2\/media\/22596"}],"wp:attachment":[{"href":"https:\/\/www.todoeldia.com\/index.php\/wp-json\/wp\/v2\/media?parent=22595"}],"wp:term":[{"taxonomy":"category","embeddable":true,"href":"https:\/\/www.todoeldia.com\/index.php\/wp-json\/wp\/v2\/categories?post=22595"},{"taxonomy":"post_tag","embeddable":true,"href":"https:\/\/www.todoeldia.com\/index.php\/wp-json\/wp\/v2\/tags?post=22595"}],"curies":[{"name":"wp","href":"https:\/\/api.w.org\/{rel}","templated":true}]}}