{"id":22625,"date":"2021-05-10T11:35:42","date_gmt":"2021-05-10T14:35:42","guid":{"rendered":"https:\/\/www.todoeldia.com\/?p=22625"},"modified":"2021-05-10T11:35:43","modified_gmt":"2021-05-10T14:35:43","slug":"un-joven-murio-apunalado-durante-una-ingesta-alcoholica-en-alto-la-sierra","status":"publish","type":"post","link":"https:\/\/www.todoeldia.com\/index.php\/2021\/05\/10\/un-joven-murio-apunalado-durante-una-ingesta-alcoholica-en-alto-la-sierra\/","title":{"rendered":"Un joven muri\u00f3 apu\u00f1alado durante una ingesta alcoh\u00f3lica en Alto La Sierra"},"content":{"rendered":"\n<p>En la madrugada de ayer, la Polic\u00eda detuvo a un joven de 21 a\u00f1os por la muerte de otro tras una ingesta de bebidas alcoh\u00f3licas. Se investiga la causa que tuvo como consecuencia el fat\u00eddico desenlace en Alto La Sierra en Santa Victoria Este.<\/p>\n\n\n\n<p>El hecho ocurri\u00f3 cerca de la medianoche del s\u00e1bado en una vivienda de la localidad norte\u00f1a.<\/p>\n\n\n\n<p>Alrededor de las 23:50 transe\u00fantes alertaron a efectivos del destacamento policial la presencia de una persona tendida en el piso en barrio Yuch\u00e1n.<\/p>\n\n\n\n<p>De inmediato, la victima de 19 a\u00f1os fue asistida en el hospital zonal y falleci\u00f3 cuando era derivado a la ciudad de Tartagal.<\/p>\n\n\n\n<p>El lugar fue resguardado para las respectivas pericias que estuvieron a cargo de Criminal\u00edstica y conforme a los primeros testimonios, se pudo individualizar al sospechoso, quien fue detenido.<\/p>\n\n\n\n<p>De averiguaciones el hecho se habr\u00eda ocurrido tras una ingesta de bebidas alcoh\u00f3licas en la participaban tres hombres, por motivos que se investigan uno de los protagonistas resulto con heridas producidas por un arma blanca.&nbsp;<\/p>\n\n\n\n<p>Interviene la Fiscal\u00eda de Graves Atentados contra las Personas de Tartagal que dirige el trabajo policial.<\/p>\n","protected":false},"excerpt":{"rendered":"<p>En la madrugada de ayer, la Polic\u00eda detuvo a un joven de 21 a\u00f1os por la muerte de otro tras una ingesta de bebidas alcoh\u00f3licas. Se investiga la causa que tuvo como consecuencia el fat\u00eddico desenlace en Alto La Sierra en Santa Victoria Este. El hecho ocurri\u00f3 cerca de la medianoche del s\u00e1bado en una [&hellip;]<\/p>\n","protected":false},"author":2,"featured_media":22626,"comment_status":"open","ping_status":"open","sticky":false,"template":"","format":"standard","meta":{"tdm_status":"","tdm_grid_status":"","_joinchat":[],"footnotes":""},"categories":[73],"tags":[],"class_list":{"0":"post-22625","1":"post","2":"type-post","3":"status-publish","4":"format-standard","5":"has-post-thumbnail","7":"category-noticias-general"},"amp_enabled":true,"_links":{"self":[{"href":"https:\/\/www.todoeldia.com\/index.php\/wp-json\/wp\/v2\/posts\/22625","targetHints":{"allow":["GET"]}}],"collection":[{"href":"https:\/\/www.todoeldia.com\/index.php\/wp-json\/wp\/v2\/posts"}],"about":[{"href":"https:\/\/www.todoeldia.com\/index.php\/wp-json\/wp\/v2\/types\/post"}],"author":[{"embeddable":true,"href":"https:\/\/www.todoeldia.com\/index.php\/wp-json\/wp\/v2\/users\/2"}],"replies":[{"embeddable":true,"href":"https:\/\/www.todoeldia.com\/index.php\/wp-json\/wp\/v2\/comments?post=22625"}],"version-history":[{"count":1,"href":"https:\/\/www.todoeldia.com\/index.php\/wp-json\/wp\/v2\/posts\/22625\/revisions"}],"predecessor-version":[{"id":22627,"href":"https:\/\/www.todoeldia.com\/index.php\/wp-json\/wp\/v2\/posts\/22625\/revisions\/22627"}],"wp:featuredmedia":[{"embeddable":true,"href":"https:\/\/www.todoeldia.com\/index.php\/wp-json\/wp\/v2\/media\/22626"}],"wp:attachment":[{"href":"https:\/\/www.todoeldia.com\/index.php\/wp-json\/wp\/v2\/media?parent=22625"}],"wp:term":[{"taxonomy":"category","embeddable":true,"href":"https:\/\/www.todoeldia.com\/index.php\/wp-json\/wp\/v2\/categories?post=22625"},{"taxonomy":"post_tag","embeddable":true,"href":"https:\/\/www.todoeldia.com\/index.php\/wp-json\/wp\/v2\/tags?post=22625"}],"curies":[{"name":"wp","href":"https:\/\/api.w.org\/{rel}","templated":true}]}}