{"id":22631,"date":"2021-05-10T11:46:06","date_gmt":"2021-05-10T14:46:06","guid":{"rendered":"https:\/\/www.todoeldia.com\/?p=22631"},"modified":"2021-05-10T11:46:08","modified_gmt":"2021-05-10T14:46:08","slug":"daniel-arroyo-advirtio-si-no-mejoramos-la-nutricion-vamos-a-tener-ninos-petisos-y-obesos","status":"publish","type":"post","link":"https:\/\/www.todoeldia.com\/index.php\/2021\/05\/10\/daniel-arroyo-advirtio-si-no-mejoramos-la-nutricion-vamos-a-tener-ninos-petisos-y-obesos\/","title":{"rendered":"Daniel Arroyo advirti\u00f3: \u201csi no mejoramos la nutrici\u00f3n vamos a tener ni\u00f1os petisos y obesos\u201d"},"content":{"rendered":"\n<p>El Ministro de Desarrollo Social contest\u00f3 los cuestionamientos de Emilio P\u00e9rsico, Juan Grabois y Luis D\u2019El\u00eda. \u201cQue la mejor pol\u00edtica social es el trabajo es claro, pero estamos en una pandemia, lo primero es comer\u201d, indic\u00f3<\/p>\n\n\n\n<p>Luego los cuestionamientos de dirigentes sociales como Juan Grabois, Emilio P\u00e9rsico o Luis D\u2019El\u00eda al anuncio por parte del Gobierno al incremento de la Tarjeta Alimentar, el ministro de Desarrollo Social, Daniel Arroyo, asegur\u00f3 hoy que \u201cel trabajo es la mejor pol\u00edtica social, pero el pa\u00eds est\u00e1 en medio de una pandemia, y lo primero de lo primero es comer; es establecer una base\u201d.<\/p>\n\n\n\n<p>Para el funcionario nacional, si no se revierte la tendencia, es decir, si el 57% de los menores de14 a\u00f1os que vive en la pobreza no se alimenta bien, \u201cvamos a tener ni\u00f1os petisos y obesos\u201d.<\/p>\n\n\n\n<figure class=\"wp-block-image is-resized\"><img loading=\"lazy\" decoding=\"async\" src=\"https:\/\/www.infobae.com\/new-resizer\/p4bQVDLlYu_GKz1E83XcyUdVOc8=\/420x236\/filters:format(jpg):quality(85)\/cloudfront-us-east-1.images.arcpublishing.com\/infobae\/RJ2XZSXQOBBILAZL744JHZ4R6M.jpg\" alt=\"El 57% de los chicos menores de 14 a\u00f1os vive en la pobreza (EFE\/Juan Ignacio Roncoroni)\" width=\"1083\" height=\"642\"\/><figcaption>El 57% de los chicos menores de 14 a\u00f1os vive en la pobreza<\/figcaption><\/figure>\n\n\n\n<p>Seg\u00fan Grabois, P\u00e9rsico o D\u2019El\u00eda, la pol\u00edtica del Gobierno es asistencialismo puro, que representa \u201cpan para hoy, hambre para ma\u00f1ana\u201d, y reclamaron que el Estado genere condiciones para crear trabajo.<\/p>\n\n\n\n<p>\u201cLo b\u00e1sico de lo b\u00e1sico es que todos coman pero coman bien en este contexto donde es evidente que est\u00e1n aumentando los precios de los alimentos, donde est\u00e1 claro que hay un problema serio\u201d, enfatiz\u00f3 Arroyo al ser entrevistado en Radio La Red.<\/p>\n\n\n\n<p>La Tarjeta Alimentar, que antes alcanzaba a familias con hijos de hasta 6 a\u00f1os ahora se extendi\u00f3 a aquellas tengas hijos hasta los 14. Se mantendr\u00e1 el monto en $6.000 para quienes tienen un hijo, se incrementar\u00e1 a $9.000 para quienes tienen dos; y a $12.000 para quienes tengan dos o m\u00e1s hijos.<\/p>\n\n\n\n<p>Adem\u00e1s, se extender\u00e1 el beneficio de $12.000 mensuales para las madres que tengan siete o m\u00e1s hijos que perciban una Pensi\u00f3n No Contributiva. La nueva iniciativa beneficiar\u00e1 a 3,7 millones de chicos cuando antes lo hac\u00eda a 1,9 millones, y adem\u00e1s llegar\u00e1 a 19 millones de familias, de acuerdo al anuncio oficial.<\/p>\n\n\n\n<figure class=\"wp-block-image is-resized\"><img loading=\"lazy\" decoding=\"async\" src=\"https:\/\/www.infobae.com\/new-resizer\/g3tbcptedB9ui_5VrmbUJc6HJys=\/420x236\/filters:format(jpg):quality(85)\/cloudfront-us-east-1.images.arcpublishing.com\/infobae\/RXVGJ4M5RRF6HACXAY5KNYGNPY.jpg\" alt=\"&quot;Lo b\u00e1sico de lo b\u00e1sico es que los ni\u00f1os coman y bien&quot;, dijo  Arroyo \" width=\"1060\" height=\"628\"\/><figcaption>&#8220;Lo b\u00e1sico de lo b\u00e1sico es que los ni\u00f1os coman y bien&#8221;, dijo Arroyo<br><\/figcaption><\/figure>\n\n\n\n<p>En este contexto, Arroyo se\u00f1al\u00f3 que el Gobierno lanz\u00f3 medidas muy importantes para paliar la situaci\u00f3n de los sectores carenciados. \u201cPor ejemplo, que 120 productos tengan el precio en la etiqueta y, que once cortes de carne est\u00e9n todos los d\u00edas m\u00e1s baratos\u201d, o \u201cla canasta ahorro con la leche y el az\u00facar m\u00e1s barato porque el problema m\u00e1s grave hoy es el precio de los alimentos\u201d.<\/p>\n\n\n\n<p>El funcionario consider\u00f3 que \u201cla Argentina tiene dos problemas graves hoy sacando el coronavirus que son la cuesti\u00f3n de la calidad nutricional, porque se est\u00e1 comiendo mucho fideos, harina y arroz, y poca leche, carne, frutas y verduras; y el otro tema grave es el 57 por ciento de pobreza en los chicos menores de hasta 14 a\u00f1os\u201d. \u201cPor eso lo que hicimos fue ampliar la tarjeta Alimentar\u201d, detall\u00f3.<\/p>\n\n\n\n<p>De acuerdo al anuncio, la tarjeta se carga el tercer viernes de cada mes y solo se puede utilizar para comprar alimentos, no se puede extraer dinero del cajero.<\/p>\n","protected":false},"excerpt":{"rendered":"<p>El Ministro de Desarrollo Social contest\u00f3 los cuestionamientos de Emilio P\u00e9rsico, Juan Grabois y Luis D\u2019El\u00eda. \u201cQue la mejor pol\u00edtica social es el trabajo es claro, pero estamos en una pandemia, lo primero es comer\u201d, indic\u00f3 Luego los cuestionamientos de dirigentes sociales como Juan Grabois, Emilio P\u00e9rsico o Luis D\u2019El\u00eda al anuncio por parte del [&hellip;]<\/p>\n","protected":false},"author":2,"featured_media":22633,"comment_status":"open","ping_status":"open","sticky":false,"template":"","format":"standard","meta":{"tdm_status":"","tdm_grid_status":"","_joinchat":[],"footnotes":""},"categories":[73],"tags":[],"class_list":{"0":"post-22631","1":"post","2":"type-post","3":"status-publish","4":"format-standard","5":"has-post-thumbnail","7":"category-noticias-general"},"amp_enabled":true,"_links":{"self":[{"href":"https:\/\/www.todoeldia.com\/index.php\/wp-json\/wp\/v2\/posts\/22631","targetHints":{"allow":["GET"]}}],"collection":[{"href":"https:\/\/www.todoeldia.com\/index.php\/wp-json\/wp\/v2\/posts"}],"about":[{"href":"https:\/\/www.todoeldia.com\/index.php\/wp-json\/wp\/v2\/types\/post"}],"author":[{"embeddable":true,"href":"https:\/\/www.todoeldia.com\/index.php\/wp-json\/wp\/v2\/users\/2"}],"replies":[{"embeddable":true,"href":"https:\/\/www.todoeldia.com\/index.php\/wp-json\/wp\/v2\/comments?post=22631"}],"version-history":[{"count":1,"href":"https:\/\/www.todoeldia.com\/index.php\/wp-json\/wp\/v2\/posts\/22631\/revisions"}],"predecessor-version":[{"id":22634,"href":"https:\/\/www.todoeldia.com\/index.php\/wp-json\/wp\/v2\/posts\/22631\/revisions\/22634"}],"wp:featuredmedia":[{"embeddable":true,"href":"https:\/\/www.todoeldia.com\/index.php\/wp-json\/wp\/v2\/media\/22633"}],"wp:attachment":[{"href":"https:\/\/www.todoeldia.com\/index.php\/wp-json\/wp\/v2\/media?parent=22631"}],"wp:term":[{"taxonomy":"category","embeddable":true,"href":"https:\/\/www.todoeldia.com\/index.php\/wp-json\/wp\/v2\/categories?post=22631"},{"taxonomy":"post_tag","embeddable":true,"href":"https:\/\/www.todoeldia.com\/index.php\/wp-json\/wp\/v2\/tags?post=22631"}],"curies":[{"name":"wp","href":"https:\/\/api.w.org\/{rel}","templated":true}]}}