{"id":22646,"date":"2021-05-10T13:36:24","date_gmt":"2021-05-10T16:36:24","guid":{"rendered":"https:\/\/www.todoeldia.com\/?p=22646"},"modified":"2021-05-10T13:36:25","modified_gmt":"2021-05-10T16:36:25","slug":"los-gobernadores-de-salta-y-catamarca-firmaron-un-acuerdo-para-facilitar-y-fomentar-las-inversiones-mineras","status":"publish","type":"post","link":"https:\/\/www.todoeldia.com\/index.php\/2021\/05\/10\/los-gobernadores-de-salta-y-catamarca-firmaron-un-acuerdo-para-facilitar-y-fomentar-las-inversiones-mineras\/","title":{"rendered":"Los gobernadores de Salta y Catamarca firmaron un acuerdo para facilitar y fomentar las inversiones mineras"},"content":{"rendered":"\n<p>S\u00e1enz y Jalil firmaron este tratado espec\u00edfico para el proyecto Sal de Oro de la empresa Posco. Ambos mandatarios provinciales coincidieron en destacar que \u201ces un momento hist\u00f3rico para Salta y Catamarca\u201d, ya que otorga seguridad jur\u00eddica, fomentando y facilitando las inversiones en la zona del Salar del Hombre Muerto.<\/p>\n\n\n\n<p>El gobernador Gustavo S\u00e1enz y su par de Catamarca Ra\u00fal Jalil firmaron por teleconferencia un Acuerdo Marco de Facilitaci\u00f3n y Fomento del Proyecto Minero Sal de Oro de la empresa Posco.<\/p>\n\n\n\n<p>Este convenio marco es un tratado espec\u00edfico para el proyecto Sal de Oro que se localiza en la Puna, en la zona del conflicto lim\u00edtrofe de ambas provincias.<\/p>\n\n\n\n<p>Al respecto, se dej\u00f3 claro que \u201cel Acuerdo no implica renunciamiento a las pretensiones y derechos derivados de su jurisdicci\u00f3n y soberan\u00eda territorial, que cada una de las provincias entienda debe realizar para la defensa de sus l\u00edmites geogr\u00e1ficos\u201d.<\/p>\n\n\n\n<p>Tampoco significa el reconocimiento de derechos y\/o jurisdicci\u00f3n de una u otra parte en la zona de diferendo lim\u00edtrofe; ni significa otorgar o perder soberan\u00eda, o territorio.<\/p>\n\n\n\n<p>Tras estas aclaraciones, ambos mandatarios coincidieron en se\u00f1alar que la firma implica \u201cun momento hist\u00f3rico para Salta y Catamarca\u201d, ya que otorga seguridad jur\u00eddica, fomentando y facilitando las inversiones en la zona.<\/p>\n\n\n\n<p>Reuni\u00f3n de funcionarios.<\/p>\n\n\n\n<p>Durante la firma del Acuerdo, S\u00e1enz reconoci\u00f3 el trabajo de los equipos provinciales y resalt\u00f3 \u201cel trabajo en conjunto, buscando el equilibrio en beneficio de los salte\u00f1os y catamarque\u00f1os, otorgando previsibilidad y seguridad jur\u00eddica a las inversiones\u201d.<\/p>\n\n\n\n<p>En el mismo sentido, el gobernador Jalil destac\u00f3 que \u201csiempre prevaleci\u00f3 la cultura del di\u00e1logo para que ambas provincias crezcan por igual\u201d y aclar\u00f3 que Catamarca y Salta tiene un diferendo hist\u00f3rico \u201cque seguramente tendr\u00e1 soluci\u00f3n en alg\u00fan momento, pero que no ser\u00e1 obst\u00e1culo para que las dos provincias puedan brindar todas las condiciones de seguridad jur\u00eddica a los emprendimientos que deseen radicarse para generar m\u00e1s empleo genuino\u201d.<\/p>\n\n\n\n<p>Por su parte, el intendente catamarque\u00f1o de Antofagasta de la Sierra asegur\u00f3 que este acuerdo \u201cratifica la voluntad de los gobiernos provinciales de avanzar hacia un esquema de trabajo conjunto que permita contratar m\u00e1s mano de obra y empleo en nuestro departamento\u201d.<\/p>\n\n\n\n<p>El prop\u00f3sito es fomentar y facilitar las inversiones, promoviendo el desarrollo de la cadena de valor. En este sentido, deber\u00e1 ser enviado a ambas legislaturas para ser ratificado, y a partir de entonces se crear\u00e1 una Autoridad Interprovincial, a los fines del control minero-ambiental.<\/p>\n\n\n\n<p>El objetivo principal es que las provincias permitan al acceso y realizaci\u00f3n de todas las actividades y servicios que tengan relaci\u00f3n con el proyecto. De esta manera, se busca que Salta y Catamarca brinden un esquema com\u00fan de promoci\u00f3n que permita dividir los tributos en partes iguales, junto a las regal\u00edas y otros grav\u00e1menes que surjan del trabajo de la empresa.<\/p>\n\n\n\n<p>Con este reglamento, la contrataci\u00f3n de mano de obra, servicios, proveedores o contratistas, se determinar\u00e1n seg\u00fan un protocolo que ser\u00e1 establecido por la Autoridad Interprovincial.<\/p>\n\n\n\n<p>Por Salta participaron de la firma el coordinador de Enlace y Relaciones Pol\u00edticas Pablo Outes; el ministro de la Producci\u00f3n y Desarrollo Sustentable Mart\u00edn de los R\u00edos; el Fiscal de Estado Juan Agust\u00edn P\u00e9rez Alsina; el presidente de REMSA Alberto Castillo y la consultora jur\u00eddica Pamela Calletti.<\/p>\n","protected":false},"excerpt":{"rendered":"<p>S\u00e1enz y Jalil firmaron este tratado espec\u00edfico para el proyecto Sal de Oro de la empresa Posco. Ambos mandatarios provinciales coincidieron en destacar que \u201ces un momento hist\u00f3rico para Salta y Catamarca\u201d, ya que otorga seguridad jur\u00eddica, fomentando y facilitando las inversiones en la zona del Salar del Hombre Muerto. El gobernador Gustavo S\u00e1enz y [&hellip;]<\/p>\n","protected":false},"author":2,"featured_media":22647,"comment_status":"open","ping_status":"open","sticky":false,"template":"","format":"standard","meta":{"tdm_status":"","tdm_grid_status":"","_joinchat":[],"footnotes":""},"categories":[60],"tags":[],"class_list":{"0":"post-22646","1":"post","2":"type-post","3":"status-publish","4":"format-standard","5":"has-post-thumbnail","7":"category-economia"},"amp_enabled":true,"_links":{"self":[{"href":"https:\/\/www.todoeldia.com\/index.php\/wp-json\/wp\/v2\/posts\/22646","targetHints":{"allow":["GET"]}}],"collection":[{"href":"https:\/\/www.todoeldia.com\/index.php\/wp-json\/wp\/v2\/posts"}],"about":[{"href":"https:\/\/www.todoeldia.com\/index.php\/wp-json\/wp\/v2\/types\/post"}],"author":[{"embeddable":true,"href":"https:\/\/www.todoeldia.com\/index.php\/wp-json\/wp\/v2\/users\/2"}],"replies":[{"embeddable":true,"href":"https:\/\/www.todoeldia.com\/index.php\/wp-json\/wp\/v2\/comments?post=22646"}],"version-history":[{"count":1,"href":"https:\/\/www.todoeldia.com\/index.php\/wp-json\/wp\/v2\/posts\/22646\/revisions"}],"predecessor-version":[{"id":22648,"href":"https:\/\/www.todoeldia.com\/index.php\/wp-json\/wp\/v2\/posts\/22646\/revisions\/22648"}],"wp:featuredmedia":[{"embeddable":true,"href":"https:\/\/www.todoeldia.com\/index.php\/wp-json\/wp\/v2\/media\/22647"}],"wp:attachment":[{"href":"https:\/\/www.todoeldia.com\/index.php\/wp-json\/wp\/v2\/media?parent=22646"}],"wp:term":[{"taxonomy":"category","embeddable":true,"href":"https:\/\/www.todoeldia.com\/index.php\/wp-json\/wp\/v2\/categories?post=22646"},{"taxonomy":"post_tag","embeddable":true,"href":"https:\/\/www.todoeldia.com\/index.php\/wp-json\/wp\/v2\/tags?post=22646"}],"curies":[{"name":"wp","href":"https:\/\/api.w.org\/{rel}","templated":true}]}}