{"id":22652,"date":"2021-05-10T14:40:43","date_gmt":"2021-05-10T17:40:43","guid":{"rendered":"https:\/\/www.todoeldia.com\/?p=22652"},"modified":"2021-05-10T14:40:44","modified_gmt":"2021-05-10T17:40:44","slug":"coronel-cornejo-sera-delegacion-municipal-con-mas-autonomia","status":"publish","type":"post","link":"https:\/\/www.todoeldia.com\/index.php\/2021\/05\/10\/coronel-cornejo-sera-delegacion-municipal-con-mas-autonomia\/","title":{"rendered":"Coronel Cornejo ser\u00e1 delegaci\u00f3n municipal con m\u00e1s autonom\u00eda"},"content":{"rendered":"\n<p>Cerrando la jornada del viernes, se defini\u00f3 que Coronel Cornejo permanecer\u00e1 bajo la \u00f3rbita municipal de General Mosconi pero con m\u00e1s autonom\u00eda hasta que se defina si se aprueba la municipalizaci\u00f3n de la localidad. Los pobladores definieron a los integrantes de la Comisi\u00f3n Vecinal que representar\u00e1 al poblado en futuras reuniones con autoridades gubernamentales. Rodrigo Monzo, secretario de gobierno provincial, se reuni\u00f3 con los vecinos y fue acompa\u00f1ado por el interventor de Aguaray, Adri\u00e1n Zigar\u00e1n.<\/p>\n\n\n\n<p>La nueva delegaci\u00f3n estar\u00e1 bajo la supervisi\u00f3n del gobierno de Salta; sin llegar a ser una intervenci\u00f3n. El delegado titular ser\u00e1 designado por el gobernador Gustavo S\u00e1enz. Tal como hab\u00eda propuesto el Concejo Deliberante de General Mosconi, la nueva delegaci\u00f3n contar\u00e1 con una cuenta bancaria para el dep\u00f3sito de fondos que se destinar\u00e1n a cubrir obra p\u00fablica y dem\u00e1s necesidades planteadas.<\/p>\n\n\n\n<p>La reuni\u00f3n se llev\u00f3 a cabo a la vera de Ruta Nacional 34; en el Play\u00f3n Deportivo; y finaliz\u00f3 casi a las 00 horas del s\u00e1bado 8 de mayo. Los vecinos hab\u00edan retomado el corte durante la tarde al no ver autoridades provinciales, como se hab\u00eda garantizado. Mientras tanto, en el gobierno provincial se analizar\u00e1 la petici\u00f3n de la ley que convierte en Municipio a Cornejo, ya que los pobladores no pretenden transigir en este punto. De la reuni\u00f3n particip\u00f3 incluso Adri\u00e1n Zigar\u00e1n, interventor de Aguaray, acompa\u00f1ando a Rodrigo Monzo, secretario de gobierno de Salta.<\/p>\n\n\n\n<p>Aparte, se prometi\u00f3 revisar si existen denuncias radicadas por el corte efectuado. Los integrantes de la Comisi\u00f3n Vecinal ser\u00e1n: \u00c1ngel Eduardo Ibarra, Benjam\u00edn Carrizo, Rosalva Liz\u00e1rraga, Marcela Castillo, Sebasti\u00e1n G\u00f3mez, Carlos Guiti\u00e1n, Iginia Reyes y Mat\u00edas Mendoza (concejal). El poblado insistir\u00e1 sobre todo con proyectos de iluminaci\u00f3n, enripiado y construcci\u00f3n de cord\u00f3n cuneta. Cabe recordar que el corte de ruta hab\u00eda iniciado el martes, tras una frustrada respuesta a la municipalizaci\u00f3n de Cornejo.<\/p>\n","protected":false},"excerpt":{"rendered":"<p>Cerrando la jornada del viernes, se defini\u00f3 que Coronel Cornejo permanecer\u00e1 bajo la \u00f3rbita municipal de General Mosconi pero con m\u00e1s autonom\u00eda hasta que se defina si se aprueba la municipalizaci\u00f3n de la localidad. Los pobladores definieron a los integrantes de la Comisi\u00f3n Vecinal que representar\u00e1 al poblado en futuras reuniones con autoridades gubernamentales. Rodrigo [&hellip;]<\/p>\n","protected":false},"author":2,"featured_media":22653,"comment_status":"open","ping_status":"open","sticky":false,"template":"","format":"standard","meta":{"tdm_status":"","tdm_grid_status":"","_joinchat":[],"footnotes":""},"categories":[73],"tags":[],"class_list":{"0":"post-22652","1":"post","2":"type-post","3":"status-publish","4":"format-standard","5":"has-post-thumbnail","7":"category-noticias-general"},"amp_enabled":true,"_links":{"self":[{"href":"https:\/\/www.todoeldia.com\/index.php\/wp-json\/wp\/v2\/posts\/22652","targetHints":{"allow":["GET"]}}],"collection":[{"href":"https:\/\/www.todoeldia.com\/index.php\/wp-json\/wp\/v2\/posts"}],"about":[{"href":"https:\/\/www.todoeldia.com\/index.php\/wp-json\/wp\/v2\/types\/post"}],"author":[{"embeddable":true,"href":"https:\/\/www.todoeldia.com\/index.php\/wp-json\/wp\/v2\/users\/2"}],"replies":[{"embeddable":true,"href":"https:\/\/www.todoeldia.com\/index.php\/wp-json\/wp\/v2\/comments?post=22652"}],"version-history":[{"count":1,"href":"https:\/\/www.todoeldia.com\/index.php\/wp-json\/wp\/v2\/posts\/22652\/revisions"}],"predecessor-version":[{"id":22654,"href":"https:\/\/www.todoeldia.com\/index.php\/wp-json\/wp\/v2\/posts\/22652\/revisions\/22654"}],"wp:featuredmedia":[{"embeddable":true,"href":"https:\/\/www.todoeldia.com\/index.php\/wp-json\/wp\/v2\/media\/22653"}],"wp:attachment":[{"href":"https:\/\/www.todoeldia.com\/index.php\/wp-json\/wp\/v2\/media?parent=22652"}],"wp:term":[{"taxonomy":"category","embeddable":true,"href":"https:\/\/www.todoeldia.com\/index.php\/wp-json\/wp\/v2\/categories?post=22652"},{"taxonomy":"post_tag","embeddable":true,"href":"https:\/\/www.todoeldia.com\/index.php\/wp-json\/wp\/v2\/tags?post=22652"}],"curies":[{"name":"wp","href":"https:\/\/api.w.org\/{rel}","templated":true}]}}