{"id":22676,"date":"2021-05-10T22:47:12","date_gmt":"2021-05-11T01:47:12","guid":{"rendered":"https:\/\/www.todoeldia.com\/?p=22676"},"modified":"2021-05-10T22:47:13","modified_gmt":"2021-05-11T01:47:13","slug":"policia-alcoholizado-de-servicio","status":"publish","type":"post","link":"https:\/\/www.todoeldia.com\/index.php\/2021\/05\/10\/policia-alcoholizado-de-servicio\/","title":{"rendered":"Polic\u00eda alcoholizado de servicio"},"content":{"rendered":"\n<p>Todos los medios se hicieron eco de la denuncia de la polic\u00eda que fue abusada por un superior en Cerrillos mientras estaban de patrulla en el paseo de los poetas.<\/p>\n\n\n\n<p>Desde la Polic\u00eda aseguraron que trabajan para que el personal denuncie los casos de abuso, pero nada se dice que el suboficial estaba de servicio y alcoholizado.<\/p>\n\n\n\n<p>El jefe de Prensa de la Polic\u00eda de Salta, Miguel Velardez, asegur\u00f3 que por el caso hay una causa penal en curso y otra causa administrativa, mientras que a la agente denunciante se le brinda contenci\u00f3n a trav\u00e9s de la Divisi\u00f3n Psicosocial y Laboral.<\/p>\n\n\n\n<p>Lo que llama la atenci\u00f3n es que la agente debi\u00f3 denunciar que el suboficial ya se encontraba alcoholizado y no esperar que intentara abusarla para poner en conocimiento al jefe de dependencia. Ning\u00fan otro efectivo ni el jefe a cargo de la comisar\u00eda se percat\u00f3 que el Polic\u00eda se present\u00f3 a trabajar bajo los efectos del alcohol o lo bebi\u00f3 estando de servicio.<\/p>\n\n\n\n<p>Evidentemente el trabajo policial se encuentra bajo sospecha debido a los altos \u00edndices de denuncias contra efectivos imputados por exceso, abuso y apremios ilegales en toda la Provincia.<\/p>\n\n\n\n<p>La misma Fiscal Ver\u00f3nica Simesen de Bielke, puso en duda si tanto el ministro o el jefe de Polic\u00eda se percataron o desconocen la grave situaci\u00f3n que afronta la fuerza.<\/p>\n","protected":false},"excerpt":{"rendered":"<p>Todos los medios se hicieron eco de la denuncia de la polic\u00eda que fue abusada por un superior en Cerrillos mientras estaban de patrulla en el paseo de los poetas. Desde la Polic\u00eda aseguraron que trabajan para que el personal denuncie los casos de abuso, pero nada se dice que el suboficial estaba de servicio [&hellip;]<\/p>\n","protected":false},"author":2,"featured_media":22677,"comment_status":"open","ping_status":"open","sticky":false,"template":"","format":"standard","meta":{"tdm_status":"","tdm_grid_status":"","_joinchat":[],"footnotes":""},"categories":[73],"tags":[],"class_list":{"0":"post-22676","1":"post","2":"type-post","3":"status-publish","4":"format-standard","5":"has-post-thumbnail","7":"category-noticias-general"},"amp_enabled":true,"_links":{"self":[{"href":"https:\/\/www.todoeldia.com\/index.php\/wp-json\/wp\/v2\/posts\/22676","targetHints":{"allow":["GET"]}}],"collection":[{"href":"https:\/\/www.todoeldia.com\/index.php\/wp-json\/wp\/v2\/posts"}],"about":[{"href":"https:\/\/www.todoeldia.com\/index.php\/wp-json\/wp\/v2\/types\/post"}],"author":[{"embeddable":true,"href":"https:\/\/www.todoeldia.com\/index.php\/wp-json\/wp\/v2\/users\/2"}],"replies":[{"embeddable":true,"href":"https:\/\/www.todoeldia.com\/index.php\/wp-json\/wp\/v2\/comments?post=22676"}],"version-history":[{"count":1,"href":"https:\/\/www.todoeldia.com\/index.php\/wp-json\/wp\/v2\/posts\/22676\/revisions"}],"predecessor-version":[{"id":22678,"href":"https:\/\/www.todoeldia.com\/index.php\/wp-json\/wp\/v2\/posts\/22676\/revisions\/22678"}],"wp:featuredmedia":[{"embeddable":true,"href":"https:\/\/www.todoeldia.com\/index.php\/wp-json\/wp\/v2\/media\/22677"}],"wp:attachment":[{"href":"https:\/\/www.todoeldia.com\/index.php\/wp-json\/wp\/v2\/media?parent=22676"}],"wp:term":[{"taxonomy":"category","embeddable":true,"href":"https:\/\/www.todoeldia.com\/index.php\/wp-json\/wp\/v2\/categories?post=22676"},{"taxonomy":"post_tag","embeddable":true,"href":"https:\/\/www.todoeldia.com\/index.php\/wp-json\/wp\/v2\/tags?post=22676"}],"curies":[{"name":"wp","href":"https:\/\/api.w.org\/{rel}","templated":true}]}}