{"id":22688,"date":"2021-05-11T10:00:18","date_gmt":"2021-05-11T13:00:18","guid":{"rendered":"https:\/\/www.todoeldia.com\/?p=22688"},"modified":"2021-05-11T10:00:19","modified_gmt":"2021-05-11T13:00:19","slug":"se-inicia-hoy-el-juicio-contra-los-hermanos-castedo-por-el-homicidio-de-liliana-ledesma","status":"publish","type":"post","link":"https:\/\/www.todoeldia.com\/index.php\/2021\/05\/11\/se-inicia-hoy-el-juicio-contra-los-hermanos-castedo-por-el-homicidio-de-liliana-ledesma\/","title":{"rendered":"Se inicia hoy el juicio contra los hermanos Castedo por el homicidio de Liliana Ledesma"},"content":{"rendered":"\n<p>Desde este martes y hasta el pr\u00f3ximo viernes, se desarrollar\u00e1 en la ciudad de Or\u00e1n el juicio contra Ra\u00fal Amadeo Castedo y su hermano Delf\u00edn Reynaldo Castedo por el delito de instigaci\u00f3n de homicidio calificado por alevos\u00eda y por el concurso premeditado de dos o m\u00e1s personas en perjuicio de Liliana Ledesma.<\/p>\n\n\n\n<p>La fiscal penal de la Unidad de Graves Atentados contra las Personas de Or\u00e1n, Claudia Carreras, representar\u00e1 al Ministerio P\u00fablico ante la Sala I del Tribunal de Juicio de ese distrito en la audiencia de debate contra Ra\u00fal Amadeo Castedo y su hermano, Delf\u00edn Reynaldo Castedo por el delito de instigaci\u00f3n de homicidio calificado por alevos\u00eda y por el concurso premeditado de 2 o m\u00e1s personas en perjuicio de Liliana Ledesma.<\/p>\n\n\n\n<p>La audiencia ten\u00eda fecha de inicio el 8 mayo de 2019 y se suspendi\u00f3 a partir de un recurso de casaci\u00f3n interpuesto por la defensa t\u00e9cnica de los acusados.<\/p>\n\n\n\n<p>El Tribunal colegiado, compuesto por los jueces Edgardo Laurenci, Ra\u00fal Fernando L\u00f3pez y Claudio Alejandro Parisi, dispuso que la audiencia se desarrolle entre el 11 y el 14 de mayo.<\/p>\n\n\n\n<p>El hecho ocurri\u00f3 el 21 de Setiembre de 2006, cuando la productora Liliana Ledesma muri\u00f3 en Salvador Mazza tras recibir 7 pu\u00f1aladas.<\/p>\n","protected":false},"excerpt":{"rendered":"<p>Desde este martes y hasta el pr\u00f3ximo viernes, se desarrollar\u00e1 en la ciudad de Or\u00e1n el juicio contra Ra\u00fal Amadeo Castedo y su hermano Delf\u00edn Reynaldo Castedo por el delito de instigaci\u00f3n de homicidio calificado por alevos\u00eda y por el concurso premeditado de dos o m\u00e1s personas en perjuicio de Liliana Ledesma. La fiscal penal [&hellip;]<\/p>\n","protected":false},"author":2,"featured_media":22689,"comment_status":"open","ping_status":"open","sticky":false,"template":"","format":"standard","meta":{"tdm_status":"","tdm_grid_status":"","_joinchat":[],"footnotes":""},"categories":[73],"tags":[],"class_list":{"0":"post-22688","1":"post","2":"type-post","3":"status-publish","4":"format-standard","5":"has-post-thumbnail","7":"category-noticias-general"},"amp_enabled":true,"_links":{"self":[{"href":"https:\/\/www.todoeldia.com\/index.php\/wp-json\/wp\/v2\/posts\/22688","targetHints":{"allow":["GET"]}}],"collection":[{"href":"https:\/\/www.todoeldia.com\/index.php\/wp-json\/wp\/v2\/posts"}],"about":[{"href":"https:\/\/www.todoeldia.com\/index.php\/wp-json\/wp\/v2\/types\/post"}],"author":[{"embeddable":true,"href":"https:\/\/www.todoeldia.com\/index.php\/wp-json\/wp\/v2\/users\/2"}],"replies":[{"embeddable":true,"href":"https:\/\/www.todoeldia.com\/index.php\/wp-json\/wp\/v2\/comments?post=22688"}],"version-history":[{"count":1,"href":"https:\/\/www.todoeldia.com\/index.php\/wp-json\/wp\/v2\/posts\/22688\/revisions"}],"predecessor-version":[{"id":22690,"href":"https:\/\/www.todoeldia.com\/index.php\/wp-json\/wp\/v2\/posts\/22688\/revisions\/22690"}],"wp:featuredmedia":[{"embeddable":true,"href":"https:\/\/www.todoeldia.com\/index.php\/wp-json\/wp\/v2\/media\/22689"}],"wp:attachment":[{"href":"https:\/\/www.todoeldia.com\/index.php\/wp-json\/wp\/v2\/media?parent=22688"}],"wp:term":[{"taxonomy":"category","embeddable":true,"href":"https:\/\/www.todoeldia.com\/index.php\/wp-json\/wp\/v2\/categories?post=22688"},{"taxonomy":"post_tag","embeddable":true,"href":"https:\/\/www.todoeldia.com\/index.php\/wp-json\/wp\/v2\/tags?post=22688"}],"curies":[{"name":"wp","href":"https:\/\/api.w.org\/{rel}","templated":true}]}}