{"id":22691,"date":"2021-05-11T10:04:59","date_gmt":"2021-05-11T13:04:59","guid":{"rendered":"https:\/\/www.todoeldia.com\/?p=22691"},"modified":"2021-05-11T10:05:00","modified_gmt":"2021-05-11T13:05:00","slug":"9-anos-de-prision-para-un-homicida-en-villa-primavera","status":"publish","type":"post","link":"https:\/\/www.todoeldia.com\/index.php\/2021\/05\/11\/9-anos-de-prision-para-un-homicida-en-villa-primavera\/","title":{"rendered":"9 a\u00f1os de prisi\u00f3n para un homicida en Villa Primavera"},"content":{"rendered":"\n<p>El hecho ocurri\u00f3 en setiembre de 2020 en la zona Oeste de la ciudad de Salta, cuando tras una gresca, el acusado lesion\u00f3 mortalmente a la v\u00edctima con un arma blanca, provocando su muerte en forma casi instant\u00e1nea.<\/p>\n\n\n\n<p>El fiscal penal de la Unidad de Graves Atentados contra las Personas, Leandro Flores, represent\u00f3 al Ministerio P\u00fablico ante la Sala VII del Tribunal de Juicio del distrito Centro, en la audiencia de juicio abreviado contra Bruno Nicol\u00e1s Medina, de 20 a\u00f1os, como autor del delito de homicidio simple en perjuicio de Juan Jos\u00e9 Flores.<\/p>\n\n\n\n<p>La madrugada del s\u00e1bado 26 de setiembre de 2020, se alert\u00f3 sobre la presencia de un hombre tendido en la cinta asf\u00e1ltica en la intersecci\u00f3n de calles Jos\u00e9 Manuel Vaca y Gertrudis Vargas de Villa Primavera en la ciudad de Salta.<\/p>\n\n\n\n<p>En el lugar se encontraba Flores sin vida, tendido en la v\u00eda p\u00fablica y con el torso desnudo. Por la declaraci\u00f3n de testigos y siguiendo el rastro de manchas de sangre, se lleg\u00f3 a una casa de Villa Los Sauces, donde vive Medina, quien tras ser asistido, fue detenido.<\/p>\n\n\n\n<p>Seg\u00fan surgi\u00f3 de la investigaci\u00f3n, existi\u00f3 una pelea previa, luego Medina sali\u00f3 a buscar a Flores y en una gresca, le provoc\u00f3 tres lesiones punzo penetrantes en la zona del t\u00f3rax, que le causaron la muerte.<\/p>\n\n\n\n<p>El juez interino Mart\u00edn P\u00e9rez, luego de recibir la confesi\u00f3n del acusado, le impuso una pena de nueve a\u00f1os de prisi\u00f3n de cumplimiento efectivo.<\/p>\n","protected":false},"excerpt":{"rendered":"<p>El hecho ocurri\u00f3 en setiembre de 2020 en la zona Oeste de la ciudad de Salta, cuando tras una gresca, el acusado lesion\u00f3 mortalmente a la v\u00edctima con un arma blanca, provocando su muerte en forma casi instant\u00e1nea. El fiscal penal de la Unidad de Graves Atentados contra las Personas, Leandro Flores, represent\u00f3 al Ministerio [&hellip;]<\/p>\n","protected":false},"author":2,"featured_media":22693,"comment_status":"open","ping_status":"open","sticky":false,"template":"","format":"standard","meta":{"tdm_status":"","tdm_grid_status":"","_joinchat":[],"footnotes":""},"categories":[73],"tags":[],"class_list":{"0":"post-22691","1":"post","2":"type-post","3":"status-publish","4":"format-standard","5":"has-post-thumbnail","7":"category-noticias-general"},"amp_enabled":true,"_links":{"self":[{"href":"https:\/\/www.todoeldia.com\/index.php\/wp-json\/wp\/v2\/posts\/22691","targetHints":{"allow":["GET"]}}],"collection":[{"href":"https:\/\/www.todoeldia.com\/index.php\/wp-json\/wp\/v2\/posts"}],"about":[{"href":"https:\/\/www.todoeldia.com\/index.php\/wp-json\/wp\/v2\/types\/post"}],"author":[{"embeddable":true,"href":"https:\/\/www.todoeldia.com\/index.php\/wp-json\/wp\/v2\/users\/2"}],"replies":[{"embeddable":true,"href":"https:\/\/www.todoeldia.com\/index.php\/wp-json\/wp\/v2\/comments?post=22691"}],"version-history":[{"count":1,"href":"https:\/\/www.todoeldia.com\/index.php\/wp-json\/wp\/v2\/posts\/22691\/revisions"}],"predecessor-version":[{"id":22694,"href":"https:\/\/www.todoeldia.com\/index.php\/wp-json\/wp\/v2\/posts\/22691\/revisions\/22694"}],"wp:featuredmedia":[{"embeddable":true,"href":"https:\/\/www.todoeldia.com\/index.php\/wp-json\/wp\/v2\/media\/22693"}],"wp:attachment":[{"href":"https:\/\/www.todoeldia.com\/index.php\/wp-json\/wp\/v2\/media?parent=22691"}],"wp:term":[{"taxonomy":"category","embeddable":true,"href":"https:\/\/www.todoeldia.com\/index.php\/wp-json\/wp\/v2\/categories?post=22691"},{"taxonomy":"post_tag","embeddable":true,"href":"https:\/\/www.todoeldia.com\/index.php\/wp-json\/wp\/v2\/tags?post=22691"}],"curies":[{"name":"wp","href":"https:\/\/api.w.org\/{rel}","templated":true}]}}