{"id":22739,"date":"2021-05-11T13:07:03","date_gmt":"2021-05-11T16:07:03","guid":{"rendered":"https:\/\/www.todoeldia.com\/?p=22739"},"modified":"2021-05-11T13:07:04","modified_gmt":"2021-05-11T16:07:04","slug":"preocupacion-en-tucuman-639-contagios-y-siete-muertes","status":"publish","type":"post","link":"https:\/\/www.todoeldia.com\/index.php\/2021\/05\/11\/preocupacion-en-tucuman-639-contagios-y-siete-muertes\/","title":{"rendered":"Preocupaci\u00f3n en Tucum\u00e1n:  639 contagios y siete muertes"},"content":{"rendered":"\n<p>De las personas que fallecieron en las \u00faltimas horas, cuatro son menores de 60 a\u00f1os. El total de decesos a causa del virus son 1.860 desde marzo del a\u00f1o pasado.<\/p>\n\n\n\n<p>El Ministerio de Salud inform\u00f3 este martes en su reporte matutino que se suman 639 nuevos casos de covid-19 en Tucum\u00e1n, totalizando 108.926 desde que comenz\u00f3 la pandemia.&nbsp;<\/p>\n\n\n\n<p>De acuerdo a la cartera sanitaria, 97 fueron procesados por el Laboratorio de Salud P\u00fablica y 18 por laboratorios privados. Mientras que 493 fueron test de ant\u00edgenos procesados por el sector p\u00fablico y 31 por el privado.<\/p>\n\n\n\n<p>Los casos corresponden a los siguientes departamentos: Capital (172); Cruz Alta (91); Taf\u00ed Viejo (52); Chicligasta (41); Leales (39); Monteros (38); Yerba Buena (34); Alberdi (32); Burruyacu (31); R\u00edo Chico (29) ; Lules (17); Taf\u00ed del Valle (16); Famaill\u00e1 (15); La Cocha (14); Simoca (10); Graneros (4); Trancas (4).<\/p>\n\n\n\n<p>Asimismo, se confirm\u00f3 el fallecimiento de siete (7) pacientes, los cuales cuatro, estaban siendo asistidos en el sector privado y tres en el p\u00fablico.<\/p>\n\n\n\n<p>:<\/p>\n","protected":false},"excerpt":{"rendered":"<p>De las personas que fallecieron en las \u00faltimas horas, cuatro son menores de 60 a\u00f1os. El total de decesos a causa del virus son 1.860 desde marzo del a\u00f1o pasado. El Ministerio de Salud inform\u00f3 este martes en su reporte matutino que se suman 639 nuevos casos de covid-19 en Tucum\u00e1n, totalizando 108.926 desde que [&hellip;]<\/p>\n","protected":false},"author":2,"featured_media":22740,"comment_status":"open","ping_status":"open","sticky":false,"template":"","format":"standard","meta":{"tdm_status":"","tdm_grid_status":"","_joinchat":[],"footnotes":""},"categories":[73],"tags":[],"class_list":{"0":"post-22739","1":"post","2":"type-post","3":"status-publish","4":"format-standard","5":"has-post-thumbnail","7":"category-noticias-general"},"amp_enabled":true,"_links":{"self":[{"href":"https:\/\/www.todoeldia.com\/index.php\/wp-json\/wp\/v2\/posts\/22739","targetHints":{"allow":["GET"]}}],"collection":[{"href":"https:\/\/www.todoeldia.com\/index.php\/wp-json\/wp\/v2\/posts"}],"about":[{"href":"https:\/\/www.todoeldia.com\/index.php\/wp-json\/wp\/v2\/types\/post"}],"author":[{"embeddable":true,"href":"https:\/\/www.todoeldia.com\/index.php\/wp-json\/wp\/v2\/users\/2"}],"replies":[{"embeddable":true,"href":"https:\/\/www.todoeldia.com\/index.php\/wp-json\/wp\/v2\/comments?post=22739"}],"version-history":[{"count":1,"href":"https:\/\/www.todoeldia.com\/index.php\/wp-json\/wp\/v2\/posts\/22739\/revisions"}],"predecessor-version":[{"id":22741,"href":"https:\/\/www.todoeldia.com\/index.php\/wp-json\/wp\/v2\/posts\/22739\/revisions\/22741"}],"wp:featuredmedia":[{"embeddable":true,"href":"https:\/\/www.todoeldia.com\/index.php\/wp-json\/wp\/v2\/media\/22740"}],"wp:attachment":[{"href":"https:\/\/www.todoeldia.com\/index.php\/wp-json\/wp\/v2\/media?parent=22739"}],"wp:term":[{"taxonomy":"category","embeddable":true,"href":"https:\/\/www.todoeldia.com\/index.php\/wp-json\/wp\/v2\/categories?post=22739"},{"taxonomy":"post_tag","embeddable":true,"href":"https:\/\/www.todoeldia.com\/index.php\/wp-json\/wp\/v2\/tags?post=22739"}],"curies":[{"name":"wp","href":"https:\/\/api.w.org\/{rel}","templated":true}]}}