{"id":22756,"date":"2021-05-11T15:35:56","date_gmt":"2021-05-11T18:35:56","guid":{"rendered":"https:\/\/www.todoeldia.com\/?p=22756"},"modified":"2021-05-11T15:35:58","modified_gmt":"2021-05-11T18:35:58","slug":"caso-jimena-salas-declararon-familiares-de-los-imputados-vargas-y-cajal-gauffin","status":"publish","type":"post","link":"https:\/\/www.todoeldia.com\/index.php\/2021\/05\/11\/caso-jimena-salas-declararon-familiares-de-los-imputados-vargas-y-cajal-gauffin\/","title":{"rendered":"Caso Jimena Salas: Declararon familiares de los imputados Vargas y Cajal Gauff\u00edn"},"content":{"rendered":"\n<p>En el Sal\u00f3n de Grandes Juicio se reanud\u00f3 hoy la audiencia de debate por el crimen de Jimena Salas, ocurrido en Vaqueros en 2017.<\/p>\n\n\n\n<p>Sergio Horacio Vargas est\u00e1 imputado como part\u00edcipe secundario de homicidio triplemente calificado por ser cometido con alevos\u00eda y ensa\u00f1amiento y por precio o promesa remuneratoria. Nicol\u00e1s Federico Cajal Gauff\u00edn, viudo de la v\u00edctima, est\u00e1 acusado por encubrimiento agravado.<\/p>\n\n\n\n<p>Entre otros testigos, hoy declararon familiares de Vargas y de Cajal Gauff\u00edn. Tambi\u00e9n comparecieron una vecina de barrio San Nicol\u00e1s, tres peritos del CIF y una agente sanitaria que trabajaba en el centro de salud de Vaqueros.<\/p>\n\n\n\n<p>La exconcubina de Sergio Vargas declar\u00f3 que se separ\u00f3 del imputado en 2011 o 2012. Precis\u00f3 que, por problemas de violencia, el imputado ten\u00eda una perimetral que le imped\u00eda acercarse a ella. Refiri\u00f3 que una vez la quiso ahorcar y sac\u00f3 un cuchillo hechizo con el que la amenaz\u00f3, dici\u00e9ndole que se iba a ir a Buenos Aires con el hijo que ten\u00edan en com\u00fan. Le advirti\u00f3 que conoc\u00eda gente que pod\u00eda hacerle un DNI falso.<\/p>\n\n\n\n<p>La testigo cont\u00f3 que cuando conoci\u00f3 a Vargas trabajaba de gasista, despu\u00e9s nunca m\u00e1s le aclar\u00f3 a qu\u00e9 se dedicaba y siempre le minti\u00f3. Precis\u00f3 que en ning\u00fan momento lo vio hacer artesan\u00edas y no supo que \u00e9l tuviera un puesto en alg\u00fan mercado. Aclar\u00f3 que algunos familiares suyos le comentaron que lo hab\u00edan visto vendiendo medias en la peatonal. Luego, en 2018, cuando ya estaban separados,&nbsp; el imputado le manifest\u00f3 que se dedicaba a vender ropa con su nueva pareja.<\/p>\n\n\n\n<p>Acerca de la rutina de Vargas mientras conviv\u00edan, la testigo se\u00f1al\u00f3 que sol\u00eda salir muy temprano y volv\u00eda de noche. Dijo que siempre llevaba un bolsito con ropa y un arma blanca. Tambi\u00e9n refiri\u00f3 que le encontr\u00f3 varios chips de celular. La mujer indic\u00f3 que a veces ve\u00eda a Vargas con mucho dinero, pero a ella nunca le dejaba nada.<\/p>\n\n\n\n<p>Durante la ma\u00f1ana tambi\u00e9n declar\u00f3 el hijo de la testigo anterior. Precis\u00f3 que Vargas fue pareja de su madre y que tuvieron un hijo en com\u00fan. Dijo que no era buena persona y que \u00e9l nunca estuvo de acuerdo con la relaci\u00f3n porque la hac\u00eda sufrir a su madre. El joven cont\u00f3 que en algunas oportunidades trabaj\u00f3 con Vargas y con otros parientes en obras de construcci\u00f3n. Y record\u00f3 un episodio ocurrido en casa de Vargas, cuando ya viv\u00eda con su nueva pareja. Manifest\u00f3 que vio al acusado manipular fajos de dinero que hab\u00eda sacado de una mochila negra, algo vieja. El testigo no pudo precisar la fecha de este hecho.<\/p>\n\n\n\n<p>Tambi\u00e9n declar\u00f3 un primo hermano de Cajal Gauff\u00edn. Sostuvo que el imputado ten\u00eda una relaci\u00f3n normal con Jimena Salas, como cualquier pareja. Y que nunca presenci\u00f3 ninguna discusi\u00f3n o escena conflictiva entre ambos.<\/p>\n\n\n\n<p>Consultado acerca del destino del cuerpo de la v\u00edctima, el testigo afirm\u00f3 que se enteraron de la cremaci\u00f3n cuando ya hab\u00eda sucedido. Sostuvo que la decisi\u00f3n tomada por la familia no le llam\u00f3 la atenci\u00f3n puesto que se hab\u00eda tratado de un crimen.<\/p>\n\n\n\n<p>El testigo tambi\u00e9n fue consultado acerca de un sujeto que se contact\u00f3 con \u00e9l y con el imputado Cajal Gauff\u00edn, aduciendo tener datos de los posibles autores del homicidio. Durante la audiencia se\u00f1al\u00f3 que su primo le respond\u00eda entonces que todo lo que aportaba este sujeto ya estaba siendo investigado. En una&nbsp; declaraci\u00f3n brindada en sede de fiscal\u00eda en 2019, el testigo hab\u00eda indicado que la informaci\u00f3n que les acercaba este hombre, a Cajal Gauff\u00edn no le interesaba.<\/p>\n\n\n\n<p>Otro dato contrastante fue el referido a las l\u00edneas telef\u00f3nicas que manejaba Cajal Gauff\u00edn en 2017. Su primo indic\u00f3 en la audiencia que le conoc\u00eda un solo n\u00famero. En una declaraci\u00f3n brindada en la etapa investigativa hab\u00eda asegurado que sab\u00eda de dos l\u00edneas, una con caracter\u00edstica de Salta y otra de Buenos Aires.<\/p>\n\n\n\n<p>Un perito de la Unidad Especial de Investigaci\u00f3n del CIF hizo referencia a una serie de informes obtenidos del an\u00e1lisis de las l\u00edneas telef\u00f3nicas de Vargas. Refiri\u00f3 que el imputado ten\u00eda varias l\u00edneas de la empresa Personal a su nombre. Esto fue corroborado por la empresa Facebook, aplicaci\u00f3n donde Vargas se cre\u00f3 perfiles utilizando estas l\u00edneas.<\/p>\n\n\n\n<p>El perito precis\u00f3 que del an\u00e1lisis integral de los datos obtenidos se puede concluir que existe un patr\u00f3n destinado a evitar la ubicaci\u00f3n telef\u00f3nica en un lugar, debido a que la l\u00ednea de Vargas pierde operatividad durante toda la ma\u00f1ana del 27 de enero de 2017. Indic\u00f3 que se detect\u00f3 un vac\u00edo de actividad de 8 a 15. La l\u00ednea se vuelve a activar en una antena ubicada en zona sur, cerca de barrio San Benito.<\/p>\n\n\n\n<p>Sobre la utilizaci\u00f3n de la l\u00ednea en la zona de Vaqueros, precis\u00f3 que se registr\u00f3 un solo impacto en una antena de la zona, el 4 de enero de 2017, a las 14.42.<\/p>\n\n\n\n<p>Est\u00e1 previsto que el juicio se extienda hasta el 21 de mayo. Est\u00e1 a cargo de los jueces de la Sala VII, Francisco Mascarello, Federico Diez y Federico Armi\u00f1ana Dohorman (interino).<\/p>\n\n\n\n<p>Cajal Gauffin y Vargas fueron imputados por el hecho sucedido el 27 de enero de 2017, cuando se encontr\u00f3 el cuerpo sin vida de Jimena Salas en el piso de la cocina comedor de su vivienda, ubicada en la localidad de Vaqueros.<\/p>\n","protected":false},"excerpt":{"rendered":"<p>En el Sal\u00f3n de Grandes Juicio se reanud\u00f3 hoy la audiencia de debate por el crimen de Jimena Salas, ocurrido en Vaqueros en 2017. Sergio Horacio Vargas est\u00e1 imputado como part\u00edcipe secundario de homicidio triplemente calificado por ser cometido con alevos\u00eda y ensa\u00f1amiento y por precio o promesa remuneratoria. Nicol\u00e1s Federico Cajal Gauff\u00edn, viudo de [&hellip;]<\/p>\n","protected":false},"author":2,"featured_media":22757,"comment_status":"open","ping_status":"open","sticky":false,"template":"","format":"standard","meta":{"tdm_status":"","tdm_grid_status":"","_joinchat":[],"footnotes":""},"categories":[73],"tags":[],"class_list":{"0":"post-22756","1":"post","2":"type-post","3":"status-publish","4":"format-standard","5":"has-post-thumbnail","7":"category-noticias-general"},"amp_enabled":true,"_links":{"self":[{"href":"https:\/\/www.todoeldia.com\/index.php\/wp-json\/wp\/v2\/posts\/22756","targetHints":{"allow":["GET"]}}],"collection":[{"href":"https:\/\/www.todoeldia.com\/index.php\/wp-json\/wp\/v2\/posts"}],"about":[{"href":"https:\/\/www.todoeldia.com\/index.php\/wp-json\/wp\/v2\/types\/post"}],"author":[{"embeddable":true,"href":"https:\/\/www.todoeldia.com\/index.php\/wp-json\/wp\/v2\/users\/2"}],"replies":[{"embeddable":true,"href":"https:\/\/www.todoeldia.com\/index.php\/wp-json\/wp\/v2\/comments?post=22756"}],"version-history":[{"count":1,"href":"https:\/\/www.todoeldia.com\/index.php\/wp-json\/wp\/v2\/posts\/22756\/revisions"}],"predecessor-version":[{"id":22758,"href":"https:\/\/www.todoeldia.com\/index.php\/wp-json\/wp\/v2\/posts\/22756\/revisions\/22758"}],"wp:featuredmedia":[{"embeddable":true,"href":"https:\/\/www.todoeldia.com\/index.php\/wp-json\/wp\/v2\/media\/22757"}],"wp:attachment":[{"href":"https:\/\/www.todoeldia.com\/index.php\/wp-json\/wp\/v2\/media?parent=22756"}],"wp:term":[{"taxonomy":"category","embeddable":true,"href":"https:\/\/www.todoeldia.com\/index.php\/wp-json\/wp\/v2\/categories?post=22756"},{"taxonomy":"post_tag","embeddable":true,"href":"https:\/\/www.todoeldia.com\/index.php\/wp-json\/wp\/v2\/tags?post=22756"}],"curies":[{"name":"wp","href":"https:\/\/api.w.org\/{rel}","templated":true}]}}