{"id":22759,"date":"2021-05-11T15:42:25","date_gmt":"2021-05-11T18:42:25","guid":{"rendered":"https:\/\/www.todoeldia.com\/?p=22759"},"modified":"2021-05-11T15:42:27","modified_gmt":"2021-05-11T18:42:27","slug":"homenaje-a-guemes-marcha-a-la-horqueta-guardia-bajo-las-estrellas-y-desfile-sin-publico","status":"publish","type":"post","link":"https:\/\/www.todoeldia.com\/index.php\/2021\/05\/11\/homenaje-a-guemes-marcha-a-la-horqueta-guardia-bajo-las-estrellas-y-desfile-sin-publico\/","title":{"rendered":"Homenaje a G\u00fcemes: marcha a la Horqueta, guardia bajo las estrellas y desfile sin p\u00fablico"},"content":{"rendered":"\n<p>En el contexto de la pandemia COVID-19, evaluaron los protocolos de las actividades previstas para junio que inician con la tradicional marcha hacia la Quebrada de la Horqueta y contin\u00faan con la Guardia bajo las estrellas y el desfile.<\/p>\n\n\n\n<p>Bicentenario del Paso a la Inmortalidad de G\u00fcemes: el Gobernador analiz\u00f3 la organizaci\u00f3n de los actos junto al COE<\/p>\n\n\n\n<p>El Gobernador analiz\u00f3 la organizaci\u00f3n de los actos del General G\u00fcemes junto al COE<\/p>\n\n\n\n<p>El gobernador Gustavo S\u00e1enz junto a miembros del Comit\u00e9 Operativo de Emergencia (COE) se reunieron con representantes de la Agrupaci\u00f3n Tradicionalista Gauchos de G\u00fcemes para analizar los protocolos de las actividades en conmemoraci\u00f3n del Bicentenario del Paso a la Inmortalidad del General Mart\u00edn Miguel de G\u00fcemes.<\/p>\n\n\n\n<p>\u201cEste es un a\u00f1o especial en donde homenajeamos a nuestro h\u00e9roe gaucho y al mismo tiempo debemos cuidarnos entre todos\u201d, indic\u00f3 el presidente del COE Francisco Aguilar al se\u00f1alar que los actos programados deben adecuarse a las normas sanitarias que en el momento imponga la pandemia.<\/p>\n\n\n\n<p>As\u00ed, el presidente de la Agrupaci\u00f3n, Francisco Ar\u00e1oz indic\u00f3 que se acord\u00f3 la posibilidad de realizar el d\u00eda 7 de junio la cabalgata hacia la Quebrada de la Horqueta, una marcha que rememora la que hizo Mart\u00edn Miguel de G\u00fcemes, ya herido de muerte.<\/p>\n\n\n\n<p>En lo referente a la Guardia bajo Estrellas y fogones del d\u00eda 16 de junio, tambi\u00e9n se coordin\u00f3 su realizaci\u00f3n, aunque sujeto a la cantidad de gauchos participantes.<\/p>\n\n\n\n<p>En tanto, queda a definir la cantidad de gauchos en el tradicional desfile del 17 de junio, que se har\u00e1 sin p\u00fablico porque \u201cser\u00e1 acorde a la situaci\u00f3n sanitaria que se plantee en ese momento\u201d, dijo Aguilar.<\/p>\n\n\n\n<p>Tambi\u00e9n estuvieron presentes en la reuni\u00f3n el ministro de Gobierno, Derechos Humanos, Trabajo y Justicia, Ricardo Villada; de Salud P\u00fablica Juan Jos\u00e9 Esteban; de la Producci\u00f3n y Desarrollo Sustentable, Mart\u00edn de los R\u00edos y la consultora jur\u00eddica, Pamela Calletti.<\/p>\n","protected":false},"excerpt":{"rendered":"<p>En el contexto de la pandemia COVID-19, evaluaron los protocolos de las actividades previstas para junio que inician con la tradicional marcha hacia la Quebrada de la Horqueta y contin\u00faan con la Guardia bajo las estrellas y el desfile. Bicentenario del Paso a la Inmortalidad de G\u00fcemes: el Gobernador analiz\u00f3 la organizaci\u00f3n de los actos [&hellip;]<\/p>\n","protected":false},"author":2,"featured_media":22760,"comment_status":"open","ping_status":"open","sticky":false,"template":"","format":"standard","meta":{"tdm_status":"","tdm_grid_status":"","_joinchat":[],"footnotes":""},"categories":[73],"tags":[],"class_list":{"0":"post-22759","1":"post","2":"type-post","3":"status-publish","4":"format-standard","5":"has-post-thumbnail","7":"category-noticias-general"},"amp_enabled":true,"_links":{"self":[{"href":"https:\/\/www.todoeldia.com\/index.php\/wp-json\/wp\/v2\/posts\/22759","targetHints":{"allow":["GET"]}}],"collection":[{"href":"https:\/\/www.todoeldia.com\/index.php\/wp-json\/wp\/v2\/posts"}],"about":[{"href":"https:\/\/www.todoeldia.com\/index.php\/wp-json\/wp\/v2\/types\/post"}],"author":[{"embeddable":true,"href":"https:\/\/www.todoeldia.com\/index.php\/wp-json\/wp\/v2\/users\/2"}],"replies":[{"embeddable":true,"href":"https:\/\/www.todoeldia.com\/index.php\/wp-json\/wp\/v2\/comments?post=22759"}],"version-history":[{"count":1,"href":"https:\/\/www.todoeldia.com\/index.php\/wp-json\/wp\/v2\/posts\/22759\/revisions"}],"predecessor-version":[{"id":22761,"href":"https:\/\/www.todoeldia.com\/index.php\/wp-json\/wp\/v2\/posts\/22759\/revisions\/22761"}],"wp:featuredmedia":[{"embeddable":true,"href":"https:\/\/www.todoeldia.com\/index.php\/wp-json\/wp\/v2\/media\/22760"}],"wp:attachment":[{"href":"https:\/\/www.todoeldia.com\/index.php\/wp-json\/wp\/v2\/media?parent=22759"}],"wp:term":[{"taxonomy":"category","embeddable":true,"href":"https:\/\/www.todoeldia.com\/index.php\/wp-json\/wp\/v2\/categories?post=22759"},{"taxonomy":"post_tag","embeddable":true,"href":"https:\/\/www.todoeldia.com\/index.php\/wp-json\/wp\/v2\/tags?post=22759"}],"curies":[{"name":"wp","href":"https:\/\/api.w.org\/{rel}","templated":true}]}}