{"id":22769,"date":"2021-05-11T19:17:11","date_gmt":"2021-05-11T22:17:11","guid":{"rendered":"https:\/\/www.todoeldia.com\/?p=22769"},"modified":"2021-05-11T19:17:12","modified_gmt":"2021-05-11T22:17:12","slug":"la-segunda-ola-de-coronavirus-golpea-fuerte-en-la-argentina-hubo-mas-de-10-mil-muertos-en-el-ultimo-mes","status":"publish","type":"post","link":"https:\/\/www.todoeldia.com\/index.php\/2021\/05\/11\/la-segunda-ola-de-coronavirus-golpea-fuerte-en-la-argentina-hubo-mas-de-10-mil-muertos-en-el-ultimo-mes\/","title":{"rendered":"La segunda ola de coronavirus golpea fuerte en la Argentina: hubo m\u00e1s de 10 mil muertos en el \u00faltimo mes"},"content":{"rendered":"\n<p>El Ministerio de Salud de la Naci\u00f3n inform\u00f3 este martes que, en las \u00faltimas 24 horas, se registraron 490 muertes y 25.976 nuevos contagios de coronavirus. Con estos datos, el total de infectados asciende a 3.191.097 y las v\u00edctimas fatales son 68.311.<\/p>\n\n\n\n<p>Estos n\u00fameros reflejan el impacto de la segunda ola en el pa\u00eds. Entre el 11 de abril y hoy se registraron 10.532 muertes por coronavirus y casi 660 mil nuevos casos.<\/p>\n\n\n\n<p>Del total de muertes, 271 son hombres (129 de la provincia de Buenos Aires, 38 de la ciudad de Buenos Aires, dos de Chaco, uno de Chubut, uno de Corrientes, 13 de C\u00f3rdoba, cuatro de Entre R\u00edos, uno de Formosa, siete de La Pampa, 26 de Mendoza, dos de Neuqu\u00e9n, cuatro de R\u00edo Negro, dos de San Juan, 13 de San Luis, dos de Santa Cruz, 17 de Santa Fe, tres de Santiago del Estero y seis de Tucum\u00e1n) y 210 son mujeres (113 de la provincia de Buenos Aires, 18 de la ciudad de Buenos Aires, dos de Chaco, tres de Corrientes, ocho de C\u00f3rdoba, tres de Entre R\u00edos, 11 de La Pampa, 19 de Mendoza, dos de R\u00edo Negro, dos de Salta, una de San Juan, 10 de San Luis, 10 de Santa Fe, dos de Santiago del Estero y seis de Tucum\u00e1n).<\/p>\n\n\n\n<p>De acuerdo al parte epidemiol\u00f3gico, de momento en Argentina hay 5.375 personas con coronavirus internadas en terapia intensiva. El porcentaje de ocupaci\u00f3n de camas a nivel nacional es del 69,4% y en el \u00c1rea Metropolitana de Buenos Aires (AMBA) del 75,7%.<\/p>\n\n\n\n<p>De los 25.796 casos, 11.212 son de la provincia de Buenos Aires, 2.618 de la ciudad de Buenos Aires, 155 de Catamarca, 286 de Chaco, 274 de Chubut, 38 de Corrientes, 2.546 de C\u00f3rdoba, 713 de Entre R\u00edos, 373 de Formosa, 99 de Jujuy, 395 de La Pampa, 12 de La Rioja, 1.036 de Mendoza, 136 de Misiones, 657 de Neuqu\u00e9n, 465 de R\u00edo Negro, 322 de Salta, 462 de San Juan, 525 de San Luis, 216 de Santa Cruz, 2.192 de Santa Fe, 228 de Santiago del Estero, 90 de Tierra del Fuego y 926 de Tucum\u00e1n.&nbsp;&nbsp;&nbsp;&nbsp;&nbsp;&nbsp;&nbsp;&nbsp;&nbsp;&nbsp;&nbsp;&nbsp;&nbsp;&nbsp;&nbsp;&nbsp;&nbsp;&nbsp;&nbsp;&nbsp;&nbsp;&nbsp;&nbsp;&nbsp;&nbsp;&nbsp;&nbsp;&nbsp;&nbsp;&nbsp;&nbsp;&nbsp;&nbsp;&nbsp;&nbsp;&nbsp;&nbsp;&nbsp;&nbsp;&nbsp;&nbsp;&nbsp;&nbsp;&nbsp;<\/p>\n","protected":false},"excerpt":{"rendered":"<p>El Ministerio de Salud de la Naci\u00f3n inform\u00f3 este martes que, en las \u00faltimas 24 horas, se registraron 490 muertes y 25.976 nuevos contagios de coronavirus. Con estos datos, el total de infectados asciende a 3.191.097 y las v\u00edctimas fatales son 68.311. Estos n\u00fameros reflejan el impacto de la segunda ola en el pa\u00eds. Entre [&hellip;]<\/p>\n","protected":false},"author":2,"featured_media":22770,"comment_status":"open","ping_status":"open","sticky":false,"template":"","format":"standard","meta":{"tdm_status":"","tdm_grid_status":"","_joinchat":[],"footnotes":""},"categories":[73],"tags":[],"class_list":{"0":"post-22769","1":"post","2":"type-post","3":"status-publish","4":"format-standard","5":"has-post-thumbnail","7":"category-noticias-general"},"amp_enabled":true,"_links":{"self":[{"href":"https:\/\/www.todoeldia.com\/index.php\/wp-json\/wp\/v2\/posts\/22769","targetHints":{"allow":["GET"]}}],"collection":[{"href":"https:\/\/www.todoeldia.com\/index.php\/wp-json\/wp\/v2\/posts"}],"about":[{"href":"https:\/\/www.todoeldia.com\/index.php\/wp-json\/wp\/v2\/types\/post"}],"author":[{"embeddable":true,"href":"https:\/\/www.todoeldia.com\/index.php\/wp-json\/wp\/v2\/users\/2"}],"replies":[{"embeddable":true,"href":"https:\/\/www.todoeldia.com\/index.php\/wp-json\/wp\/v2\/comments?post=22769"}],"version-history":[{"count":1,"href":"https:\/\/www.todoeldia.com\/index.php\/wp-json\/wp\/v2\/posts\/22769\/revisions"}],"predecessor-version":[{"id":22771,"href":"https:\/\/www.todoeldia.com\/index.php\/wp-json\/wp\/v2\/posts\/22769\/revisions\/22771"}],"wp:featuredmedia":[{"embeddable":true,"href":"https:\/\/www.todoeldia.com\/index.php\/wp-json\/wp\/v2\/media\/22770"}],"wp:attachment":[{"href":"https:\/\/www.todoeldia.com\/index.php\/wp-json\/wp\/v2\/media?parent=22769"}],"wp:term":[{"taxonomy":"category","embeddable":true,"href":"https:\/\/www.todoeldia.com\/index.php\/wp-json\/wp\/v2\/categories?post=22769"},{"taxonomy":"post_tag","embeddable":true,"href":"https:\/\/www.todoeldia.com\/index.php\/wp-json\/wp\/v2\/tags?post=22769"}],"curies":[{"name":"wp","href":"https:\/\/api.w.org\/{rel}","templated":true}]}}