{"id":22829,"date":"2021-05-12T13:52:17","date_gmt":"2021-05-12T16:52:17","guid":{"rendered":"https:\/\/www.todoeldia.com\/?p=22829"},"modified":"2021-05-12T13:57:28","modified_gmt":"2021-05-12T16:57:28","slug":"el-tren-urbano-choco-este-mediodia-una-unidad-de-transporte-urbano-de-saeta","status":"publish","type":"post","link":"https:\/\/www.todoeldia.com\/index.php\/2021\/05\/12\/el-tren-urbano-choco-este-mediodia-una-unidad-de-transporte-urbano-de-saeta\/","title":{"rendered":"El tren urbano choco este mediod\u00eda una unidad de transporte de SAETA"},"content":{"rendered":"\n<p>El accidente se produjo en la esquina de Ibazeta y Leguizam\u00f3n lugar en donde el transito se encuentra interrumpido.<\/p>\n\n\n\n<p>Hubo pasajeros del SAETA que fueron atendidos por ambulancias del SAMEC. Tambien hubo ni\u00f1os golpeados que viajaban en la parte trasera del omnibus.<\/p>\n\n\n\n<figure class=\"wp-block-image size-large\"><img loading=\"lazy\" decoding=\"async\" width=\"1024\" height=\"768\" src=\"https:\/\/www.todoeldia.com\/wp-content\/uploads\/2021\/05\/choque-tren-urbano-1-1024x768.jpg\" alt=\"\" class=\"wp-image-22831\" srcset=\"https:\/\/www.todoeldia.com\/wp-content\/uploads\/2021\/05\/choque-tren-urbano-1-1024x768.jpg 1024w, https:\/\/www.todoeldia.com\/wp-content\/uploads\/2021\/05\/choque-tren-urbano-1-300x225.jpg 300w, https:\/\/www.todoeldia.com\/wp-content\/uploads\/2021\/05\/choque-tren-urbano-1-768x576.jpg 768w, https:\/\/www.todoeldia.com\/wp-content\/uploads\/2021\/05\/choque-tren-urbano-1-696x522.jpg 696w, https:\/\/www.todoeldia.com\/wp-content\/uploads\/2021\/05\/choque-tren-urbano-1-560x420.jpg 560w, https:\/\/www.todoeldia.com\/wp-content\/uploads\/2021\/05\/choque-tren-urbano-1-80x60.jpg 80w, https:\/\/www.todoeldia.com\/wp-content\/uploads\/2021\/05\/choque-tren-urbano-1-265x198.jpg 265w, https:\/\/www.todoeldia.com\/wp-content\/uploads\/2021\/05\/choque-tren-urbano-1.jpg 1032w\" sizes=\"auto, (max-width: 1024px) 100vw, 1024px\" \/><\/figure>\n\n\n\n<p>El chofer del colectivo dijo que se vio sorprendido cuando ya lo ten\u00eda encima al tren porque no hab\u00eda banderilleros, ni toco la bocina como acostumbran a hacerlo cuando atraviesan los pasos a niveles.<\/p>\n\n\n\n<figure class=\"wp-block-image size-large\"><img loading=\"lazy\" decoding=\"async\" width=\"1024\" height=\"206\" src=\"https:\/\/www.todoeldia.com\/wp-content\/uploads\/2021\/05\/choque-tren-urbano-2-1024x206.jpg\" alt=\"\" class=\"wp-image-22832\" srcset=\"https:\/\/www.todoeldia.com\/wp-content\/uploads\/2021\/05\/choque-tren-urbano-2-1024x206.jpg 1024w, https:\/\/www.todoeldia.com\/wp-content\/uploads\/2021\/05\/choque-tren-urbano-2-300x60.jpg 300w, https:\/\/www.todoeldia.com\/wp-content\/uploads\/2021\/05\/choque-tren-urbano-2-768x155.jpg 768w, https:\/\/www.todoeldia.com\/wp-content\/uploads\/2021\/05\/choque-tren-urbano-2-696x140.jpg 696w, https:\/\/www.todoeldia.com\/wp-content\/uploads\/2021\/05\/choque-tren-urbano-2-1068x215.jpg 1068w, https:\/\/www.todoeldia.com\/wp-content\/uploads\/2021\/05\/choque-tren-urbano-2.jpg 1280w\" sizes=\"auto, (max-width: 1024px) 100vw, 1024px\" \/><\/figure>\n\n\n\n<p>Indic\u00f3 que alcanz\u00f3 a acelerar para pasar r\u00e1pidamente y pudo hacerlo por lo que el tren impacto en la parte trasera.<\/p>\n\n\n\n<figure class=\"wp-block-image size-large\"><img loading=\"lazy\" decoding=\"async\" width=\"1024\" height=\"768\" src=\"https:\/\/www.todoeldia.com\/wp-content\/uploads\/2021\/05\/choque-tren-urbano-3-1024x768.jpg\" alt=\"\" class=\"wp-image-22833\" srcset=\"https:\/\/www.todoeldia.com\/wp-content\/uploads\/2021\/05\/choque-tren-urbano-3-1024x768.jpg 1024w, https:\/\/www.todoeldia.com\/wp-content\/uploads\/2021\/05\/choque-tren-urbano-3-300x225.jpg 300w, https:\/\/www.todoeldia.com\/wp-content\/uploads\/2021\/05\/choque-tren-urbano-3-768x576.jpg 768w, https:\/\/www.todoeldia.com\/wp-content\/uploads\/2021\/05\/choque-tren-urbano-3-696x522.jpg 696w, https:\/\/www.todoeldia.com\/wp-content\/uploads\/2021\/05\/choque-tren-urbano-3-560x420.jpg 560w, https:\/\/www.todoeldia.com\/wp-content\/uploads\/2021\/05\/choque-tren-urbano-3-80x60.jpg 80w, https:\/\/www.todoeldia.com\/wp-content\/uploads\/2021\/05\/choque-tren-urbano-3-265x198.jpg 265w, https:\/\/www.todoeldia.com\/wp-content\/uploads\/2021\/05\/choque-tren-urbano-3.jpg 1032w\" sizes=\"auto, (max-width: 1024px) 100vw, 1024px\" \/><\/figure>\n\n\n\n<p>\u201cSi me agarraba en el medio me arrastraba y las consecuencias pudieron ser mucho m\u00e1s graves\u201d, concluy\u00f3 el asustado chofer.<\/p>\n","protected":false},"excerpt":{"rendered":"<p>El accidente se produjo en la esquina de Ibazeta y Leguizam\u00f3n lugar en donde el transito se encuentra interrumpido. Hubo pasajeros del SAETA que fueron atendidos por ambulancias del SAMEC. Tambien hubo ni\u00f1os golpeados que viajaban en la parte trasera del omnibus. El chofer del colectivo dijo que se vio sorprendido cuando ya lo ten\u00eda [&hellip;]<\/p>\n","protected":false},"author":2,"featured_media":22830,"comment_status":"open","ping_status":"open","sticky":false,"template":"","format":"standard","meta":{"tdm_status":"","tdm_grid_status":"","_joinchat":[],"footnotes":""},"categories":[73],"tags":[],"class_list":{"0":"post-22829","1":"post","2":"type-post","3":"status-publish","4":"format-standard","5":"has-post-thumbnail","7":"category-noticias-general"},"amp_enabled":true,"_links":{"self":[{"href":"https:\/\/www.todoeldia.com\/index.php\/wp-json\/wp\/v2\/posts\/22829","targetHints":{"allow":["GET"]}}],"collection":[{"href":"https:\/\/www.todoeldia.com\/index.php\/wp-json\/wp\/v2\/posts"}],"about":[{"href":"https:\/\/www.todoeldia.com\/index.php\/wp-json\/wp\/v2\/types\/post"}],"author":[{"embeddable":true,"href":"https:\/\/www.todoeldia.com\/index.php\/wp-json\/wp\/v2\/users\/2"}],"replies":[{"embeddable":true,"href":"https:\/\/www.todoeldia.com\/index.php\/wp-json\/wp\/v2\/comments?post=22829"}],"version-history":[{"count":4,"href":"https:\/\/www.todoeldia.com\/index.php\/wp-json\/wp\/v2\/posts\/22829\/revisions"}],"predecessor-version":[{"id":22837,"href":"https:\/\/www.todoeldia.com\/index.php\/wp-json\/wp\/v2\/posts\/22829\/revisions\/22837"}],"wp:featuredmedia":[{"embeddable":true,"href":"https:\/\/www.todoeldia.com\/index.php\/wp-json\/wp\/v2\/media\/22830"}],"wp:attachment":[{"href":"https:\/\/www.todoeldia.com\/index.php\/wp-json\/wp\/v2\/media?parent=22829"}],"wp:term":[{"taxonomy":"category","embeddable":true,"href":"https:\/\/www.todoeldia.com\/index.php\/wp-json\/wp\/v2\/categories?post=22829"},{"taxonomy":"post_tag","embeddable":true,"href":"https:\/\/www.todoeldia.com\/index.php\/wp-json\/wp\/v2\/tags?post=22829"}],"curies":[{"name":"wp","href":"https:\/\/api.w.org\/{rel}","templated":true}]}}