{"id":22838,"date":"2021-05-12T14:04:47","date_gmt":"2021-05-12T17:04:47","guid":{"rendered":"https:\/\/www.todoeldia.com\/?p=22838"},"modified":"2021-05-12T14:04:48","modified_gmt":"2021-05-12T17:04:48","slug":"cuatro-anos-de-carcel-por-agredir-a-su-expareja-y-a-la-madre-e-hija-de-ella","status":"publish","type":"post","link":"https:\/\/www.todoeldia.com\/index.php\/2021\/05\/12\/cuatro-anos-de-carcel-por-agredir-a-su-expareja-y-a-la-madre-e-hija-de-ella\/","title":{"rendered":"Cuatro a\u00f1os de c\u00e1rcel por agredir a su expareja, y a la madre e hija de ella"},"content":{"rendered":"\n<p>El 21 de junio del a\u00f1o pasado, N\u00e9stor Hugo Corpuz, de 54 a\u00f1os, se hizo presente en el domicilio de su expareja y la golpe\u00f3. Luego salieron en su defensa la hija y madre de la denunciante, a quienes tambi\u00e9n agredi\u00f3. Adem\u00e1s amenaz\u00f3 a las mujeres con un cuchillo.<\/p>\n\n\n\n<p>Ram\u00f3n Haddad, vocal de la Sala II del Tribunal de Juicio de Met\u00e1n, conden\u00f3 al&nbsp; hombre por ser autor de los delitos de amenazas con arma en concurso real con el delito de lesiones leves agravadas por el v\u00ednculo y el g\u00e9nero, y le impuso la pena de cuatro a\u00f1os de prisi\u00f3n efectiva.<\/p>\n\n\n\n<p>Adem\u00e1s se le impuso la inhabilitaci\u00f3n absoluta por el tiempo de la condena. Se dispuso tambi\u00e9n la extracci\u00f3n de material gen\u00e9tico del condenado por el Servicio de Biolog\u00eda Molecular del Departamento T\u00e9cnico del Cuerpo de Investigaciones Fiscales y su posterior inscripci\u00f3n en el Banco de Datos Gen\u00e9ticos, previa asignaci\u00f3n del Dato \u00danico de Identificaci\u00f3n Gen\u00e9tica para ser inscripto en el Banco de Datos correspondiente.<\/p>\n\n\n\n<p>El Servicio M\u00e9dico Forense de Met\u00e1n realizar\u00e1 un informe f\u00edsico del condenado, donde se constatar\u00e1n las se\u00f1as particulares que permitan una identificaci\u00f3n integral.<\/p>\n\n\n\n<p>Corpuz seguir\u00e1 preso hasta cumplir su condena.<\/p>\n","protected":false},"excerpt":{"rendered":"<p>El 21 de junio del a\u00f1o pasado, N\u00e9stor Hugo Corpuz, de 54 a\u00f1os, se hizo presente en el domicilio de su expareja y la golpe\u00f3. Luego salieron en su defensa la hija y madre de la denunciante, a quienes tambi\u00e9n agredi\u00f3. Adem\u00e1s amenaz\u00f3 a las mujeres con un cuchillo. Ram\u00f3n Haddad, vocal de la Sala [&hellip;]<\/p>\n","protected":false},"author":2,"featured_media":22839,"comment_status":"open","ping_status":"open","sticky":false,"template":"","format":"standard","meta":{"tdm_status":"","tdm_grid_status":"","_joinchat":[],"footnotes":""},"categories":[73],"tags":[],"class_list":{"0":"post-22838","1":"post","2":"type-post","3":"status-publish","4":"format-standard","5":"has-post-thumbnail","7":"category-noticias-general"},"amp_enabled":true,"_links":{"self":[{"href":"https:\/\/www.todoeldia.com\/index.php\/wp-json\/wp\/v2\/posts\/22838","targetHints":{"allow":["GET"]}}],"collection":[{"href":"https:\/\/www.todoeldia.com\/index.php\/wp-json\/wp\/v2\/posts"}],"about":[{"href":"https:\/\/www.todoeldia.com\/index.php\/wp-json\/wp\/v2\/types\/post"}],"author":[{"embeddable":true,"href":"https:\/\/www.todoeldia.com\/index.php\/wp-json\/wp\/v2\/users\/2"}],"replies":[{"embeddable":true,"href":"https:\/\/www.todoeldia.com\/index.php\/wp-json\/wp\/v2\/comments?post=22838"}],"version-history":[{"count":1,"href":"https:\/\/www.todoeldia.com\/index.php\/wp-json\/wp\/v2\/posts\/22838\/revisions"}],"predecessor-version":[{"id":22840,"href":"https:\/\/www.todoeldia.com\/index.php\/wp-json\/wp\/v2\/posts\/22838\/revisions\/22840"}],"wp:featuredmedia":[{"embeddable":true,"href":"https:\/\/www.todoeldia.com\/index.php\/wp-json\/wp\/v2\/media\/22839"}],"wp:attachment":[{"href":"https:\/\/www.todoeldia.com\/index.php\/wp-json\/wp\/v2\/media?parent=22838"}],"wp:term":[{"taxonomy":"category","embeddable":true,"href":"https:\/\/www.todoeldia.com\/index.php\/wp-json\/wp\/v2\/categories?post=22838"},{"taxonomy":"post_tag","embeddable":true,"href":"https:\/\/www.todoeldia.com\/index.php\/wp-json\/wp\/v2\/tags?post=22838"}],"curies":[{"name":"wp","href":"https:\/\/api.w.org\/{rel}","templated":true}]}}