{"id":22841,"date":"2021-05-12T14:08:59","date_gmt":"2021-05-12T17:08:59","guid":{"rendered":"https:\/\/www.todoeldia.com\/?p=22841"},"modified":"2021-05-12T14:09:00","modified_gmt":"2021-05-12T17:09:00","slug":"en-san-lorenzo-el-gobernador-inauguro-el-nuevo-edificio-del-hogar-divino-nino-jesus","status":"publish","type":"post","link":"https:\/\/www.todoeldia.com\/index.php\/2021\/05\/12\/en-san-lorenzo-el-gobernador-inauguro-el-nuevo-edificio-del-hogar-divino-nino-jesus\/","title":{"rendered":"En San Lorenzo, el Gobernador inaugur\u00f3 el nuevo edificio del hogar Divino Ni\u00f1o Jes\u00fas"},"content":{"rendered":"\n<p>\u201dEs fundamental que desde el Estado podamos cumplir estos sue\u00f1os: que los chicos vivan en un lugar digno\u201d, dijo el mandatario tras recorrer las instalaciones refaccionadas y adaptadas para albergar a ni\u00f1os judicializados con encefalopat\u00eda cr\u00f3nica no evolutiva. El traslado a la nueva casa se realiz\u00f3 el s\u00e1bado.<\/p>\n\n\n\n<p>El gobernador Gustavo S\u00e1enz inaugur\u00f3 en San Lorenzo el nuevo edificio del hogar Divino Ni\u00f1o Jes\u00fas. All\u00ed conoci\u00f3 y comparti\u00f3 con los 21 chicos judicializados con encefalopat\u00eda cr\u00f3nica no evolutiva que actualmente residen all\u00ed.<\/p>\n\n\n\n<p>\u201cEstoy muy contento de poder participar en esta inauguraci\u00f3n, despu\u00e9s de tanto tiempo, tanta lucha para que los chicos est\u00e9n en un lugar digno donde puedan estar contenidos\u201d, dijo el Gobernador luego de recorrer el edificio.<\/p>\n\n\n\n<p>Destac\u00f3 el recurso humano que trabaja en el Hogar: \u201cEl equipo interdisciplinario que los acompa\u00f1a es maravilloso y fundamental para que podamos desde el Estado cumplir este sue\u00f1o: que los chicos vivan en un lugar digno y donde corresponde\u201d.<\/p>\n\n\n\n<p>A\u00f1adi\u00f3 que en el edificio refaccionado y adaptado \u201clos chicos van a tener una mejor calidad de vida; es un sue\u00f1o cumplido y quedan m\u00e1s cosas por hacer todav\u00eda\u201d.<\/p>\n\n\n\n<p>La secretaria de Discapacidad Mariana Rom\u00e1n explic\u00f3 que \u201ces un proyecto que hace mucho tiempo que venimos trabajando desde la Secretar\u00eda, es un sue\u00f1o hecho realidad\u201d.<\/p>\n\n\n\n<p>Especific\u00f3 que \u201cesta casa se adapt\u00f3 de acuerdo a la normativa la accesibilidad y a la normatividad correspondiente, por lo que estamos muy contentos porque los chicos se merec\u00edan estar en un lugar en donde pudiesen disfrutar del c\u00e9sped, del aire y muy contentos de que venga el gobernador a conocer\u201d.<\/p>\n\n\n\n<p>Rom\u00e1n dijo que el traslado del Hogar -que funcionaba en avenida Entre R\u00edos- se efectiviz\u00f3 el s\u00e1bado pasado. El lugar alberga actualmente a 21 chicos con encefalopat\u00eda cr\u00f3nica no evolutiva en situaci\u00f3n judicial sin cuidados parentales\u201d.<\/p>\n\n\n\n<p>\u201cEsto es una casa que est\u00e1 gerenciada por la fundaci\u00f3n FURENE (Fundaci\u00f3n para la Rehabilitaci\u00f3n Neurol\u00f3gica). La idea es que esto sea una casa donde se pueda disfrutar, hacer actividades recreativas y diarias; que \u00e9ste sea su refugio y que puedan salir a centros de d\u00edas y de tratamientos terap\u00e9uticos para luego volver a su casa; que puedan salir, no que est\u00e9n&nbsp; todo el d\u00eda ac\u00e1 adentro\u201d.<\/p>\n\n\n\n<p>La directora y presidenta de la Fundaci\u00f3n FURENE, Carina Alegre, especific\u00f3 que la labor de la instituci\u00f3n durante cinco a\u00f1os es la de \u201ccontenci\u00f3n, calidad y dignificaci\u00f3n\u201d.<\/p>\n\n\n\n<p>El Hogar cuenta con un equipo m\u00e9dico, operadores, acompa\u00f1antes terap\u00e9uticos, abogados y personal de apoyo.<\/p>\n\n\n\n<p>&nbsp;La obra<\/p>\n\n\n\n<p>Consisti\u00f3 en la refacci\u00f3n integral y adaptaci\u00f3n de las instalaciones, para albergar a ni\u00f1os y adultos con distintos grados de discapacidad. El lugar cuenta con habitaciones compartidas e individuales, seg\u00fan el grado de patolog\u00eda, ba\u00f1os adaptados, climatizaci\u00f3n, sal\u00f3n de usos m\u00faltiples, enfermer\u00eda y consultorios. Tambi\u00e9n cocina, lavadero y un parque con juegos de plaza adaptados para sillas de ruedas.<\/p>\n\n\n\n<p>Hay espacios verdes para la recreaci\u00f3n, iluminaci\u00f3n adecuada y sin barreras arquitect\u00f3nicas que obstaculicen el acceso y el desplazamiento por el edificio.<\/p>\n","protected":false},"excerpt":{"rendered":"<p>\u201dEs fundamental que desde el Estado podamos cumplir estos sue\u00f1os: que los chicos vivan en un lugar digno\u201d, dijo el mandatario tras recorrer las instalaciones refaccionadas y adaptadas para albergar a ni\u00f1os judicializados con encefalopat\u00eda cr\u00f3nica no evolutiva. El traslado a la nueva casa se realiz\u00f3 el s\u00e1bado. El gobernador Gustavo S\u00e1enz inaugur\u00f3 en San [&hellip;]<\/p>\n","protected":false},"author":2,"featured_media":22842,"comment_status":"open","ping_status":"open","sticky":false,"template":"","format":"standard","meta":{"tdm_status":"","tdm_grid_status":"","_joinchat":[],"footnotes":""},"categories":[73],"tags":[],"class_list":{"0":"post-22841","1":"post","2":"type-post","3":"status-publish","4":"format-standard","5":"has-post-thumbnail","7":"category-noticias-general"},"amp_enabled":true,"_links":{"self":[{"href":"https:\/\/www.todoeldia.com\/index.php\/wp-json\/wp\/v2\/posts\/22841","targetHints":{"allow":["GET"]}}],"collection":[{"href":"https:\/\/www.todoeldia.com\/index.php\/wp-json\/wp\/v2\/posts"}],"about":[{"href":"https:\/\/www.todoeldia.com\/index.php\/wp-json\/wp\/v2\/types\/post"}],"author":[{"embeddable":true,"href":"https:\/\/www.todoeldia.com\/index.php\/wp-json\/wp\/v2\/users\/2"}],"replies":[{"embeddable":true,"href":"https:\/\/www.todoeldia.com\/index.php\/wp-json\/wp\/v2\/comments?post=22841"}],"version-history":[{"count":1,"href":"https:\/\/www.todoeldia.com\/index.php\/wp-json\/wp\/v2\/posts\/22841\/revisions"}],"predecessor-version":[{"id":22843,"href":"https:\/\/www.todoeldia.com\/index.php\/wp-json\/wp\/v2\/posts\/22841\/revisions\/22843"}],"wp:featuredmedia":[{"embeddable":true,"href":"https:\/\/www.todoeldia.com\/index.php\/wp-json\/wp\/v2\/media\/22842"}],"wp:attachment":[{"href":"https:\/\/www.todoeldia.com\/index.php\/wp-json\/wp\/v2\/media?parent=22841"}],"wp:term":[{"taxonomy":"category","embeddable":true,"href":"https:\/\/www.todoeldia.com\/index.php\/wp-json\/wp\/v2\/categories?post=22841"},{"taxonomy":"post_tag","embeddable":true,"href":"https:\/\/www.todoeldia.com\/index.php\/wp-json\/wp\/v2\/tags?post=22841"}],"curies":[{"name":"wp","href":"https:\/\/api.w.org\/{rel}","templated":true}]}}