{"id":22874,"date":"2021-05-13T00:07:24","date_gmt":"2021-05-13T03:07:24","guid":{"rendered":"https:\/\/www.todoeldia.com\/?p=22874"},"modified":"2021-05-13T00:07:25","modified_gmt":"2021-05-13T03:07:25","slug":"en-quijano-los-aislados-salen-de-compras","status":"publish","type":"post","link":"https:\/\/www.todoeldia.com\/index.php\/2021\/05\/13\/en-quijano-los-aislados-salen-de-compras\/","title":{"rendered":"En Quijano los aislados salen de compras"},"content":{"rendered":"\n<p>Lo manifest\u00f3 la gerente del hospital Dr. Francisco Herrera de Campo Quijano, preocupada por la irresponsabilidad de los contactos estrechos que a pesar de todas las advertencias rompen el aislamiento y salen a la calle. Record\u00f3 que la vacuna no impide el contagio y que el porcentaje de vacunados es bajo.<\/p>\n\n\n\n<p>&#8220;Recibimos informaci\u00f3n de que algunas personas salieron a la calle a hacer compras a pesar de que se les notific\u00f3 con un acta que deb\u00edan guardar aislamiento por 14 d\u00edas. Se trata de familiares que tuvieron contacto directo con casos positivos de COVID-19. Nos indigna porque no podemos hacer de polic\u00edas en la puerta de cada uno para que no salga, es una responsabilidad individual&#8221;, dijo la Lic. D\u00e9bora L\u00f3pez a #LaLlaveDelPortal<\/p>\n\n\n\n<p>&#8220;Los asintom\u00e1ticos creen que como se sienten bien no pasa nada y no es as\u00ed, es muy probable que tengan el virus y lo est\u00e9n diseminando. Entonces uno debe llamar al 911 porque es un delito, esa persona est\u00e1 poniendo en riesgo a la poblaci\u00f3n.&#8221;<\/p>\n\n\n\n<p>La gerente del hospital recalc\u00f3 que si bien van 2500 vacunados Covid en la jurisdicci\u00f3n, el porcentaje es muy bajo: &#8220;Hoy llegaron 200 vacunas que son segundas dosis. Vamos lento as\u00ed que cuidarse es la \u00fanica manera, adem\u00e1s vale decir que la vacuna NO evita que te contagies, lo que evita es la gravedad de los s\u00edntomas.&#8221;<\/p>\n\n\n\n<p>Seg\u00fan n\u00fameros oficiales, en Campo Quijano van 267 casos positivos de coronavirus en lo que va de 2021 y actualmente hay 20 personas aisladas.<\/p>\n\n\n\n<p>#LaLlaveDelPortal<\/p>\n","protected":false},"excerpt":{"rendered":"<p>Lo manifest\u00f3 la gerente del hospital Dr. Francisco Herrera de Campo Quijano, preocupada por la irresponsabilidad de los contactos estrechos que a pesar de todas las advertencias rompen el aislamiento y salen a la calle. Record\u00f3 que la vacuna no impide el contagio y que el porcentaje de vacunados es bajo. &#8220;Recibimos informaci\u00f3n de que [&hellip;]<\/p>\n","protected":false},"author":2,"featured_media":22875,"comment_status":"open","ping_status":"open","sticky":false,"template":"","format":"standard","meta":{"tdm_status":"","tdm_grid_status":"","_joinchat":[],"footnotes":""},"categories":[73],"tags":[],"class_list":{"0":"post-22874","1":"post","2":"type-post","3":"status-publish","4":"format-standard","5":"has-post-thumbnail","7":"category-noticias-general"},"amp_enabled":true,"_links":{"self":[{"href":"https:\/\/www.todoeldia.com\/index.php\/wp-json\/wp\/v2\/posts\/22874","targetHints":{"allow":["GET"]}}],"collection":[{"href":"https:\/\/www.todoeldia.com\/index.php\/wp-json\/wp\/v2\/posts"}],"about":[{"href":"https:\/\/www.todoeldia.com\/index.php\/wp-json\/wp\/v2\/types\/post"}],"author":[{"embeddable":true,"href":"https:\/\/www.todoeldia.com\/index.php\/wp-json\/wp\/v2\/users\/2"}],"replies":[{"embeddable":true,"href":"https:\/\/www.todoeldia.com\/index.php\/wp-json\/wp\/v2\/comments?post=22874"}],"version-history":[{"count":1,"href":"https:\/\/www.todoeldia.com\/index.php\/wp-json\/wp\/v2\/posts\/22874\/revisions"}],"predecessor-version":[{"id":22876,"href":"https:\/\/www.todoeldia.com\/index.php\/wp-json\/wp\/v2\/posts\/22874\/revisions\/22876"}],"wp:featuredmedia":[{"embeddable":true,"href":"https:\/\/www.todoeldia.com\/index.php\/wp-json\/wp\/v2\/media\/22875"}],"wp:attachment":[{"href":"https:\/\/www.todoeldia.com\/index.php\/wp-json\/wp\/v2\/media?parent=22874"}],"wp:term":[{"taxonomy":"category","embeddable":true,"href":"https:\/\/www.todoeldia.com\/index.php\/wp-json\/wp\/v2\/categories?post=22874"},{"taxonomy":"post_tag","embeddable":true,"href":"https:\/\/www.todoeldia.com\/index.php\/wp-json\/wp\/v2\/tags?post=22874"}],"curies":[{"name":"wp","href":"https:\/\/api.w.org\/{rel}","templated":true}]}}