{"id":23776,"date":"2021-05-26T10:31:05","date_gmt":"2021-05-26T13:31:05","guid":{"rendered":"https:\/\/www.todoeldia.com\/?p=23776"},"modified":"2021-05-26T10:31:06","modified_gmt":"2021-05-26T13:31:06","slug":"una-madre-denuncio-que-se-quisieron-llevar-a-su-hija-en-solidaridad","status":"publish","type":"post","link":"https:\/\/www.todoeldia.com\/index.php\/2021\/05\/26\/una-madre-denuncio-que-se-quisieron-llevar-a-su-hija-en-solidaridad\/","title":{"rendered":"Una madre denunci\u00f3 que se quisieron llevar a su hija en solidaridad"},"content":{"rendered":"\n<p>La mujer denunci\u00f3 que personas desconocidas intentaron llevarse a su hija de 10 a\u00f1os mientras esperaban un remis en la zona Sudeste de la ciudad. El fiscal interviniente, en forma inmediata, dispuso que se realice un relevamiento de c\u00e1maras de seguridad en la zona para identificar a los sospechosos.<\/p>\n\n\n\n<p>El fiscal penal 6, Pablo Paz, inici\u00f3 una averiguaci\u00f3n preliminar a partir de la denuncia de una mujer de 27 a\u00f1os, quien se\u00f1ala que se encontraba esperando un remis en la zona Sudeste de la ciudad, junto a sus tres hijos y que un autom\u00f3vil oscuro se acerc\u00f3 en forma sospechosa y uno de los ocupantes, intent\u00f3 llevarse a la ni\u00f1a de 10 a\u00f1os, lo que pudo impedir.<\/p>\n\n\n\n<p>Subi\u00f3 a un remis junto a los menores y pudo llamar al Sistema de Emergencias 911 y poner en conocimiento la situaci\u00f3n.<\/p>\n\n\n\n<p>El fiscal Paz, al recibir la consulta, dispuso que se remitan las actuaciones a la dependencia policial que por jurisdicci\u00f3n corresponda y que se realice el relevamiento de c\u00e1maras de seguridad de la zona, entre otras medidas, a fin de poder profundizar las tareas investigativas que permitan esclarecer lo sucedido.<\/p>\n\n\n\n<p>Los investigadores informaron que las c\u00e1maras de seguridad que funcionan en el hospital Papa Francisco se encuentran fuera de servicio hace un mes aproximadamente y las c\u00e1maras privadas de una panificadora de las inmediaciones, no se almacenan por m\u00e1s de 24 horas, por lo que fue imposible obtener un registro f\u00edlmico del hecho denunciado.<\/p>\n","protected":false},"excerpt":{"rendered":"<p>La mujer denunci\u00f3 que personas desconocidas intentaron llevarse a su hija de 10 a\u00f1os mientras esperaban un remis en la zona Sudeste de la ciudad. El fiscal interviniente, en forma inmediata, dispuso que se realice un relevamiento de c\u00e1maras de seguridad en la zona para identificar a los sospechosos. El fiscal penal 6, Pablo Paz, [&hellip;]<\/p>\n","protected":false},"author":2,"featured_media":23777,"comment_status":"open","ping_status":"open","sticky":false,"template":"","format":"standard","meta":{"tdm_status":"","tdm_grid_status":"","_joinchat":[],"footnotes":""},"categories":[73],"tags":[],"class_list":{"0":"post-23776","1":"post","2":"type-post","3":"status-publish","4":"format-standard","5":"has-post-thumbnail","7":"category-noticias-general"},"amp_enabled":true,"_links":{"self":[{"href":"https:\/\/www.todoeldia.com\/index.php\/wp-json\/wp\/v2\/posts\/23776","targetHints":{"allow":["GET"]}}],"collection":[{"href":"https:\/\/www.todoeldia.com\/index.php\/wp-json\/wp\/v2\/posts"}],"about":[{"href":"https:\/\/www.todoeldia.com\/index.php\/wp-json\/wp\/v2\/types\/post"}],"author":[{"embeddable":true,"href":"https:\/\/www.todoeldia.com\/index.php\/wp-json\/wp\/v2\/users\/2"}],"replies":[{"embeddable":true,"href":"https:\/\/www.todoeldia.com\/index.php\/wp-json\/wp\/v2\/comments?post=23776"}],"version-history":[{"count":1,"href":"https:\/\/www.todoeldia.com\/index.php\/wp-json\/wp\/v2\/posts\/23776\/revisions"}],"predecessor-version":[{"id":23778,"href":"https:\/\/www.todoeldia.com\/index.php\/wp-json\/wp\/v2\/posts\/23776\/revisions\/23778"}],"wp:featuredmedia":[{"embeddable":true,"href":"https:\/\/www.todoeldia.com\/index.php\/wp-json\/wp\/v2\/media\/23777"}],"wp:attachment":[{"href":"https:\/\/www.todoeldia.com\/index.php\/wp-json\/wp\/v2\/media?parent=23776"}],"wp:term":[{"taxonomy":"category","embeddable":true,"href":"https:\/\/www.todoeldia.com\/index.php\/wp-json\/wp\/v2\/categories?post=23776"},{"taxonomy":"post_tag","embeddable":true,"href":"https:\/\/www.todoeldia.com\/index.php\/wp-json\/wp\/v2\/tags?post=23776"}],"curies":[{"name":"wp","href":"https:\/\/api.w.org\/{rel}","templated":true}]}}