{"id":23786,"date":"2021-05-26T13:57:15","date_gmt":"2021-05-26T16:57:15","guid":{"rendered":"https:\/\/www.todoeldia.com\/?p=23786"},"modified":"2021-05-26T13:57:16","modified_gmt":"2021-05-26T16:57:16","slug":"apunalo-8-veces-a-su-hija-de-6-anos-se-investiga-si-la-mujer-sufrio-un-brote-psicotico","status":"publish","type":"post","link":"https:\/\/www.todoeldia.com\/index.php\/2021\/05\/26\/apunalo-8-veces-a-su-hija-de-6-anos-se-investiga-si-la-mujer-sufrio-un-brote-psicotico\/","title":{"rendered":"Apu\u00f1al\u00f3 8 veces a su hija de 6 a\u00f1os: se investiga si la mujer sufri\u00f3 un brote psic\u00f3tico"},"content":{"rendered":"\n<p>La detenida es investigada por el delito de \u201clesiones agravadas por el v\u00ednculo\u201d.<\/p>\n\n\n\n<p>Una mujer de 40 a\u00f1os fue detenida en las \u00faltimas horas despu\u00e9s de que los efectivos de la polic\u00eda local de Mar del Plata descubrieran que hab\u00eda apu\u00f1alado ferozmente a su hija de 6.<\/p>\n\n\n\n<p>Aunque afortunadamente la menor se encuentra bien de salud y permanece internada, su madre se encuentra demorada y a la espera de prestar declaraci\u00f3n por el delito de \u201clesiones agravadas por el v\u00ednculo\u201d.<\/p>\n\n\n\n<p>El hecho se registr\u00f3 el s\u00e1bado pasado en un departamento de Col\u00f3n al 1800, donde la mujer viv\u00eda con la ni\u00f1a y con otros dos hijos de 11 a\u00f1os, mellizos y que sufren autismo.<\/p>\n\n\n\n<p>Seg\u00fan trascendi\u00f3, un especialista que se dedica al monitoreo de los dos hermanos se comunic\u00f3 con la mujer en una llamada de control y advirti\u00f3 alguna anomal\u00eda, por lo que se dirigi\u00f3 al lugar.<\/p>\n\n\n\n<p>Al llegar comprendi\u00f3 que la situaci\u00f3n era grave y pidi\u00f3 asistencia a la polic\u00eda a trav\u00e9s del 911. Cuando los polic\u00edas lograron entrar el departamento encontraron un escenario brutal: la mujer en pleno ataque de ira con un cuchillo en su mano y la ni\u00f1a de 6 a\u00f1os ten\u00eda con m\u00faltiples heridas de arma blanca y estaba tendida sobre una cama.<\/p>\n\n\n\n<p>De inmediato la menor fue derivada al Materno Infantil donde evoluciona de sus lesiones, mientras que sus hermanos quedaron bajo la custodia de un vecino.<\/p>\n\n\n\n<p>En el centro de salud los m\u00e9dicos confirmaron que la peque\u00f1a presentaba ocho heridas de arma blanca &#8220;incisas&#8221; en la &#8220;regi\u00f3n vertebral tor\u00e1cica&#8221; y otras lesiones leves en la cara, pero que a pesar de los m\u00faltiples ataques, no revist\u00eda riesgo de vida.<\/p>\n\n\n\n<p>Por su parte, tras haber sido detenida, la madre de la nena fue internada en el Hospital Interzonal a la espera de una evaluaci\u00f3n psicol\u00f3gica completa para determinar si es posible que atraviese el proceso penal y declare ante el fiscal que lleva adelante la causa, Juan Pablo L\u00f3dola.<\/p>\n\n\n\n<p>Por su parte, tras haber sido detenida, la madre de la nena fue internada en el Hospital Interzonal a la espera de una evaluaci\u00f3n psicol\u00f3gica completa para determinar si es posible que atraviese el proceso penal y declare ante el fiscal que lleva adelante la causa, Juan Pablo L\u00f3dola.<\/p>\n","protected":false},"excerpt":{"rendered":"<p>La detenida es investigada por el delito de \u201clesiones agravadas por el v\u00ednculo\u201d. Una mujer de 40 a\u00f1os fue detenida en las \u00faltimas horas despu\u00e9s de que los efectivos de la polic\u00eda local de Mar del Plata descubrieran que hab\u00eda apu\u00f1alado ferozmente a su hija de 6. Aunque afortunadamente la menor se encuentra bien de [&hellip;]<\/p>\n","protected":false},"author":2,"featured_media":23787,"comment_status":"open","ping_status":"open","sticky":false,"template":"","format":"standard","meta":{"tdm_status":"","tdm_grid_status":"","_joinchat":[],"footnotes":""},"categories":[73],"tags":[],"class_list":{"0":"post-23786","1":"post","2":"type-post","3":"status-publish","4":"format-standard","5":"has-post-thumbnail","7":"category-noticias-general"},"amp_enabled":true,"_links":{"self":[{"href":"https:\/\/www.todoeldia.com\/index.php\/wp-json\/wp\/v2\/posts\/23786","targetHints":{"allow":["GET"]}}],"collection":[{"href":"https:\/\/www.todoeldia.com\/index.php\/wp-json\/wp\/v2\/posts"}],"about":[{"href":"https:\/\/www.todoeldia.com\/index.php\/wp-json\/wp\/v2\/types\/post"}],"author":[{"embeddable":true,"href":"https:\/\/www.todoeldia.com\/index.php\/wp-json\/wp\/v2\/users\/2"}],"replies":[{"embeddable":true,"href":"https:\/\/www.todoeldia.com\/index.php\/wp-json\/wp\/v2\/comments?post=23786"}],"version-history":[{"count":1,"href":"https:\/\/www.todoeldia.com\/index.php\/wp-json\/wp\/v2\/posts\/23786\/revisions"}],"predecessor-version":[{"id":23788,"href":"https:\/\/www.todoeldia.com\/index.php\/wp-json\/wp\/v2\/posts\/23786\/revisions\/23788"}],"wp:featuredmedia":[{"embeddable":true,"href":"https:\/\/www.todoeldia.com\/index.php\/wp-json\/wp\/v2\/media\/23787"}],"wp:attachment":[{"href":"https:\/\/www.todoeldia.com\/index.php\/wp-json\/wp\/v2\/media?parent=23786"}],"wp:term":[{"taxonomy":"category","embeddable":true,"href":"https:\/\/www.todoeldia.com\/index.php\/wp-json\/wp\/v2\/categories?post=23786"},{"taxonomy":"post_tag","embeddable":true,"href":"https:\/\/www.todoeldia.com\/index.php\/wp-json\/wp\/v2\/tags?post=23786"}],"curies":[{"name":"wp","href":"https:\/\/api.w.org\/{rel}","templated":true}]}}