{"id":23798,"date":"2021-05-26T14:47:55","date_gmt":"2021-05-26T17:47:55","guid":{"rendered":"https:\/\/www.todoeldia.com\/?p=23798"},"modified":"2021-05-26T14:47:56","modified_gmt":"2021-05-26T17:47:56","slug":"murio-el-chofer-de-river-que-se-contagio-de-coronavirus-en-el-micro-con-el-plantel","status":"publish","type":"post","link":"https:\/\/www.todoeldia.com\/index.php\/2021\/05\/26\/murio-el-chofer-de-river-que-se-contagio-de-coronavirus-en-el-micro-con-el-plantel\/","title":{"rendered":"Muri\u00f3 el chofer de River que se contagi\u00f3 de coronavirus en el micro con el plantel"},"content":{"rendered":"\n<p>Gustavo Ins\u00faa falleci\u00f3 hoy tras haber contra\u00eddo covid al trasladar al plantel profesional que conduce Marcelo Gallardo.<\/p>\n\n\n\n<p>Gustavo Ins\u00faa, chofer de la empresa de micros encargado de trasladar al plantel de River Plate cuando arrib\u00f3 al aeropuerto de Ezeiza tras jugar con Junior en Barranquilla, hace dos semanas, falleci\u00f3 en las \u00faltimas horas tras contagiarse de coronavirus.<\/p>\n\n\n\n<p>El chofer, quien hab\u00eda sido tambi\u00e9n el conductor del micro de los dirigentes y cuerpo t\u00e9cnico cuando River jug\u00f3 ante Banfield por la Copa de la Liga, se encontraba internado en el Hospital Municipal de Trauma y Emergencias Federico Abete, de la localidad bonaerense de Pablo Nogu\u00e9s.<\/p>\n\n\n\n<p>Ins\u00faa, empleado de la empresa V\u00eda Bariloche, ingres\u00f3 al establecimiento m\u00e9dico a la semana siguiente del 13 de mayo, cuando se produjeron los contagios masivos dentro del plantel de River, antes de jugar contra Boca en La Bombonera.<\/p>\n\n\n\n<figure class=\"wp-block-image is-resized\"><img loading=\"lazy\" decoding=\"async\" src=\"https:\/\/cdn.eltrecetv.com.ar\/sites\/default\/files\/files_imce\/1969\/12\/398920\/y4rr2scx7fgx3cuujh5im273ze.jpg\" alt=\"Gustavo Ins\u00faa falleci\u00f3 hoy tras haber contra\u00eddo covid al trasladar al plantel profesional que conduce Marcelo Gallardo.\" width=\"1056\" height=\"712\"\/><figcaption>Gustavo Ins\u00faa falleci\u00f3 hoy tras haber contra\u00eddo covid al trasladar al plantel profesional que conduce Marcelo Gallardo.<br><br><\/figcaption><\/figure>\n\n\n\n<p>El chofer fallecido hoy se encontraba en grave estado de salud desde el fin de semana y en las \u00faltimas 48 horas se hallaba en coma farmacol\u00f3gico e intubado, pues no pod\u00eda respirar por sus propios medios debido al contagio por Covid-19.<\/p>\n\n\n\n<p>El contagio del chofer se conoci\u00f3 al mismo tiempo en que se supo que adem\u00e1s de los jugadores y algunos colaboradores del cuerpo t\u00e9cnico &#8220;Millonario&#8221;, hubo varios empleados de seguridad de River que tuvieron que ser aislados por s\u00edntomas de coronavirus.<\/p>\n\n\n\n<p>El plantel de River Plate fue licenciado para descansar hasta el 15 de junio, mientras se espera el alta m\u00e9dica definitiva para los jugadores que a\u00fan permanecen aislados por los contagios masivos de coronavirus que sufri\u00f3 el equipo.<\/p>\n\n\n\n<p>Los primeros que van a realizarse los estudios m\u00e9dicos correspondientes a fines de esta semana son Leonardo Ponzio, Alex Vigo, Lucas Beltr\u00e1n, Flabi\u00e1n Londo\u00f1o Bedoya y Gonzalo Montiel, quien deber\u00eda sumarse a la Selecci\u00f3n Argentina.<\/p>\n\n\n\n<p>En la pr\u00f3xima semana pasar\u00e1n por el mismo proceso de ex\u00e1menes especiales quienes dieron positivo luego del partido por Copa Libertadores ante Independiente Santa Fe, el lateral Fabrizio Angileri y el volante Jos\u00e9 Paradela.<\/p>\n\n\n\n<p>Por otra parte, contin\u00faan siendo evaluados quienes quedaron con secuelas del contagio de Covid-19: el arquero Enrique Bologna, con una neumon\u00eda por la que deber\u00e1 hacer reposo una semana m\u00e1s, y el defensor chileno Paulo D\u00edaz, quien padece una arritmia que le har\u00e1 perder la Copa Am\u00e9rica.<\/p>\n","protected":false},"excerpt":{"rendered":"<p>Gustavo Ins\u00faa falleci\u00f3 hoy tras haber contra\u00eddo covid al trasladar al plantel profesional que conduce Marcelo Gallardo. Gustavo Ins\u00faa, chofer de la empresa de micros encargado de trasladar al plantel de River Plate cuando arrib\u00f3 al aeropuerto de Ezeiza tras jugar con Junior en Barranquilla, hace dos semanas, falleci\u00f3 en las \u00faltimas horas tras contagiarse [&hellip;]<\/p>\n","protected":false},"author":2,"featured_media":23799,"comment_status":"open","ping_status":"open","sticky":false,"template":"","format":"standard","meta":{"tdm_status":"","tdm_grid_status":"","_joinchat":[],"footnotes":""},"categories":[73],"tags":[],"class_list":{"0":"post-23798","1":"post","2":"type-post","3":"status-publish","4":"format-standard","5":"has-post-thumbnail","7":"category-noticias-general"},"amp_enabled":true,"_links":{"self":[{"href":"https:\/\/www.todoeldia.com\/index.php\/wp-json\/wp\/v2\/posts\/23798","targetHints":{"allow":["GET"]}}],"collection":[{"href":"https:\/\/www.todoeldia.com\/index.php\/wp-json\/wp\/v2\/posts"}],"about":[{"href":"https:\/\/www.todoeldia.com\/index.php\/wp-json\/wp\/v2\/types\/post"}],"author":[{"embeddable":true,"href":"https:\/\/www.todoeldia.com\/index.php\/wp-json\/wp\/v2\/users\/2"}],"replies":[{"embeddable":true,"href":"https:\/\/www.todoeldia.com\/index.php\/wp-json\/wp\/v2\/comments?post=23798"}],"version-history":[{"count":1,"href":"https:\/\/www.todoeldia.com\/index.php\/wp-json\/wp\/v2\/posts\/23798\/revisions"}],"predecessor-version":[{"id":23800,"href":"https:\/\/www.todoeldia.com\/index.php\/wp-json\/wp\/v2\/posts\/23798\/revisions\/23800"}],"wp:featuredmedia":[{"embeddable":true,"href":"https:\/\/www.todoeldia.com\/index.php\/wp-json\/wp\/v2\/media\/23799"}],"wp:attachment":[{"href":"https:\/\/www.todoeldia.com\/index.php\/wp-json\/wp\/v2\/media?parent=23798"}],"wp:term":[{"taxonomy":"category","embeddable":true,"href":"https:\/\/www.todoeldia.com\/index.php\/wp-json\/wp\/v2\/categories?post=23798"},{"taxonomy":"post_tag","embeddable":true,"href":"https:\/\/www.todoeldia.com\/index.php\/wp-json\/wp\/v2\/tags?post=23798"}],"curies":[{"name":"wp","href":"https:\/\/api.w.org\/{rel}","templated":true}]}}