{"id":23909,"date":"2021-05-28T16:27:54","date_gmt":"2021-05-28T19:27:54","guid":{"rendered":"https:\/\/www.todoeldia.com\/?p=23909"},"modified":"2021-05-28T16:27:55","modified_gmt":"2021-05-28T19:27:55","slug":"imputaron-a-dos-policias-por-la-muerte-de-estefano-barrios-en-salvador-mazza","status":"publish","type":"post","link":"https:\/\/www.todoeldia.com\/index.php\/2021\/05\/28\/imputaron-a-dos-policias-por-la-muerte-de-estefano-barrios-en-salvador-mazza\/","title":{"rendered":"Imputaron a dos polic\u00edas por la muerte de Est\u00e9fano Barrios en Salvador Mazza"},"content":{"rendered":"\n<p>El fiscal penal de la Unidad de Graves Atentados contra las Personas de Tartagal, Gonzalo Ariel Vega, imput\u00f3 provisionalmente a dos efectivos policiales, acusados del delito de homicidio culposo en perjuicio de Est\u00e9fano Alexis Leonardo Barrios, de 28 a\u00f1os.<\/p>\n\n\n\n<p>Durante la audiencia de imputaci\u00f3n celebrada este viernes, ambos imputados se negaron a declarar. El fiscal solicit\u00f3 el mantenimiento de detenci\u00f3n ante el Juzgado de Garant\u00edas 1.<\/p>\n\n\n\n<p>Las imputaciones recayeron sobre el oficial subayudante Gabriel Alejandro Pereira y el sargento ayudante Ariel Miranda, en grado de coautores.<\/p>\n\n\n\n<p>La intervenci\u00f3n del fiscal penal Gonzalo Ariel Vega, se produjo tras las actuaciones de prevenci\u00f3n de la Comisar\u00eda 40 de Salvador Mazza, donde consta que el lunes 26 de abril, cerca de las 5:15, Est\u00e9fano Barrios caminaba por avenida 9 de Julio a la altura de la plaza de barrio Pueblo Nuevo, cuando fue divisado por el oficial subayudante Gabriel Alejandro Pereira, a cargo del control preventivo, y el sargento ayudante Ariel Miranda, a cargo del m\u00f3vil policial 2063 como chofer, quienes se acercaron hasta donde estaba Barrios, de quien no surgi\u00f3 que hubiera cometido ning\u00fan il\u00edcito.<\/p>\n\n\n\n<p>Sin embargo, el oficial subayudante Pereira descendi\u00f3 del m\u00f3vil policial y se dirigi\u00f3 hacia Barrios, momento en que \u00e9ste se asust\u00f3 y corri\u00f3 en sentido sur a norte por avenida 9 de Julio, seguido por Pereira, tambi\u00e9n a pi\u00e9.<\/p>\n\n\n\n<p>En un momento, Barrios gir\u00f3 hacia la derecha y al llegar a calle Joaqu\u00edn Castellanos, el oficial Pereyra subi\u00f3 nuevamente al m\u00f3vil, para continuar una persecuci\u00f3n de dos cuadras hasta darle alcance en calle Sarmiento, frente al puesto del Escuadr\u00f3n 61 de Gendarmer\u00eda Nacional, donde el chofer Miranda cruz\u00f3 el veh\u00edculo del que descendi\u00f3 r\u00e1pidamente Pereira, quien dio alcance a Barrios y lo hizo caer al suelo, mientras \u00e9ste gritaba por ayuda.<\/p>\n\n\n\n<p>All\u00ed, el joven, atento al temor experimentado por la persecuci\u00f3n, se produjo una herida cortante en el cuello con el filo del cuello de una botella rota.<\/p>\n\n\n\n<p>Sin embargo, el oficial Pereira le coloc\u00f3 al joven herido las esposas, aun cuando ya no representaba peligro alguno, mientras que Miranda se dirigi\u00f3 al m\u00f3vil policial a buscar una franela para taparle la herida y pedir una ambulancia, sin dar correctamente la direcci\u00f3n donde estaban.<\/p>\n\n\n\n<p>Surgi\u00f3 que al llegar la ambulancia, el personal policial se encontraba en un principio parado al costado de la victima, pero cuando lleg\u00f3 el enfermero, los acusados actuaron de forma nerviosa.<\/p>\n\n\n\n<p>Al constatar que Barrios todav\u00eda estaba con vida, el joven fue traslado en la ambulancia y muri\u00f3 camino al hospital.<\/p>\n\n\n\n<p>De los hechos mencionados, surgi\u00f3 que los imputados incumplieron los reglamentos y deberes propios de su cargo, al realizar el procedimiento policial que deriv\u00f3 en la muerte Est\u00e9fano Alexis Leonardo Barrios, debido a un shock hipovol\u00e9mico por lesi\u00f3n vascular grave.<\/p>\n\n\n\n<p>Entre los elementos colectados en la investigaci\u00f3n, el fiscal penal Gonzalo Ariel Vega, valor\u00f3 el informe de la autopsia, cuyo resultado fue analizado por una junta m\u00e9dica del CIF y de la que particip\u00f3 un perito de parte de la familia Barrios, el an\u00e1lisis de las im\u00e1genes de videos que fueron aportados por Gendarmer\u00eda Nacional, el testimonio de diversos testigos citados y la denuncia radicada por familiares del joven fallecido.<\/p>\n","protected":false},"excerpt":{"rendered":"<p>El fiscal penal de la Unidad de Graves Atentados contra las Personas de Tartagal, Gonzalo Ariel Vega, imput\u00f3 provisionalmente a dos efectivos policiales, acusados del delito de homicidio culposo en perjuicio de Est\u00e9fano Alexis Leonardo Barrios, de 28 a\u00f1os. Durante la audiencia de imputaci\u00f3n celebrada este viernes, ambos imputados se negaron a declarar. El fiscal [&hellip;]<\/p>\n","protected":false},"author":2,"featured_media":23910,"comment_status":"open","ping_status":"open","sticky":false,"template":"","format":"standard","meta":{"tdm_status":"","tdm_grid_status":"","_joinchat":[],"footnotes":""},"categories":[73],"tags":[],"class_list":{"0":"post-23909","1":"post","2":"type-post","3":"status-publish","4":"format-standard","5":"has-post-thumbnail","7":"category-noticias-general"},"amp_enabled":true,"_links":{"self":[{"href":"https:\/\/www.todoeldia.com\/index.php\/wp-json\/wp\/v2\/posts\/23909","targetHints":{"allow":["GET"]}}],"collection":[{"href":"https:\/\/www.todoeldia.com\/index.php\/wp-json\/wp\/v2\/posts"}],"about":[{"href":"https:\/\/www.todoeldia.com\/index.php\/wp-json\/wp\/v2\/types\/post"}],"author":[{"embeddable":true,"href":"https:\/\/www.todoeldia.com\/index.php\/wp-json\/wp\/v2\/users\/2"}],"replies":[{"embeddable":true,"href":"https:\/\/www.todoeldia.com\/index.php\/wp-json\/wp\/v2\/comments?post=23909"}],"version-history":[{"count":1,"href":"https:\/\/www.todoeldia.com\/index.php\/wp-json\/wp\/v2\/posts\/23909\/revisions"}],"predecessor-version":[{"id":23911,"href":"https:\/\/www.todoeldia.com\/index.php\/wp-json\/wp\/v2\/posts\/23909\/revisions\/23911"}],"wp:featuredmedia":[{"embeddable":true,"href":"https:\/\/www.todoeldia.com\/index.php\/wp-json\/wp\/v2\/media\/23910"}],"wp:attachment":[{"href":"https:\/\/www.todoeldia.com\/index.php\/wp-json\/wp\/v2\/media?parent=23909"}],"wp:term":[{"taxonomy":"category","embeddable":true,"href":"https:\/\/www.todoeldia.com\/index.php\/wp-json\/wp\/v2\/categories?post=23909"},{"taxonomy":"post_tag","embeddable":true,"href":"https:\/\/www.todoeldia.com\/index.php\/wp-json\/wp\/v2\/tags?post=23909"}],"curies":[{"name":"wp","href":"https:\/\/api.w.org\/{rel}","templated":true}]}}