{"id":23925,"date":"2021-05-28T16:46:55","date_gmt":"2021-05-28T19:46:55","guid":{"rendered":"https:\/\/www.todoeldia.com\/?p=23925"},"modified":"2021-05-28T16:46:56","modified_gmt":"2021-05-28T19:46:56","slug":"se-confirman-cinco-nuevos-casos-de-dos-variantes-de-coronavirus-en-la-provincia","status":"publish","type":"post","link":"https:\/\/www.todoeldia.com\/index.php\/2021\/05\/28\/se-confirman-cinco-nuevos-casos-de-dos-variantes-de-coronavirus-en-la-provincia\/","title":{"rendered":"Se confirman cinco nuevos casos de dos variantes de coronavirus en la provincia"},"content":{"rendered":"\n<p>De ellos, cuatro corresponden a la originada en Manaos y uno a la de Reino Unido. Fueron detectados en los departamentos Anta, Capital y Met\u00e1n.<\/p>\n\n\n\n<p>La directora general de Coordinaci\u00f3n Epidemiol\u00f3gica del Ministerio de Salud P\u00fablica, Anal\u00eda Acevedo, inform\u00f3 que se detectaron cinco nuevos casos de dos variantes de preocupaci\u00f3n del virus SARS-CoV-2 en la provincia.<\/p>\n\n\n\n<p>\u201cSe confirm\u00f3 la variante Manaos en cuatro pacientes, dos con residencia en Anta, uno en Capital y uno en Met\u00e1n; y un paciente de la variante Reino Unido en Met\u00e1n\u201d, explic\u00f3 Acevedo.<\/p>\n\n\n\n<p>Tambi\u00e9n, la funcionaria dijo que ning\u00fan paciente registra antecedentes de viaje al exterior. \u201cNinguno sali\u00f3 del pa\u00eds; luego de tomada la muestra, las personas tuvieron control y seguimiento m\u00e9dico\u201d, expres\u00f3.<\/p>\n\n\n\n<p>Tres de los pacientes que contrajeron estas variantes se recuperan favorablemente y dos de ellos fallecieron.&nbsp; \u201cLas causas de los decesos est\u00e1n en investigaci\u00f3n epidemiol\u00f3gica\u201d, manifest\u00f3 Acevedo.<\/p>\n\n\n\n<p>El jefe del programa de Vigilancia Epidemiol\u00f3gica, Francisco Garc\u00eda Campos, afirm\u00f3 que, sobre un total de 37 muestras enviadas al Instituto Malbr\u00e1n, 4 est\u00e1n en estudio, 3 fueron descartadas y en 22 no se identificaron variantes de inter\u00e9s.<\/p>\n\n\n\n<p>Los nuevos casos, se suman a los tres ya confirmados el 14 de mayo, de las variantes de R\u00edo de Janeiro, Manaos y Reino Unido, detectados en los departamentos Chicoana, Capital y Rosario de Lerma, respectivamente.<\/p>\n","protected":false},"excerpt":{"rendered":"<p>De ellos, cuatro corresponden a la originada en Manaos y uno a la de Reino Unido. Fueron detectados en los departamentos Anta, Capital y Met\u00e1n. La directora general de Coordinaci\u00f3n Epidemiol\u00f3gica del Ministerio de Salud P\u00fablica, Anal\u00eda Acevedo, inform\u00f3 que se detectaron cinco nuevos casos de dos variantes de preocupaci\u00f3n del virus SARS-CoV-2 en la [&hellip;]<\/p>\n","protected":false},"author":2,"featured_media":23926,"comment_status":"open","ping_status":"open","sticky":false,"template":"","format":"standard","meta":{"tdm_status":"","tdm_grid_status":"","_joinchat":[],"footnotes":""},"categories":[65],"tags":[],"class_list":{"0":"post-23925","1":"post","2":"type-post","3":"status-publish","4":"format-standard","5":"has-post-thumbnail","7":"category-coronavirus"},"amp_enabled":true,"_links":{"self":[{"href":"https:\/\/www.todoeldia.com\/index.php\/wp-json\/wp\/v2\/posts\/23925","targetHints":{"allow":["GET"]}}],"collection":[{"href":"https:\/\/www.todoeldia.com\/index.php\/wp-json\/wp\/v2\/posts"}],"about":[{"href":"https:\/\/www.todoeldia.com\/index.php\/wp-json\/wp\/v2\/types\/post"}],"author":[{"embeddable":true,"href":"https:\/\/www.todoeldia.com\/index.php\/wp-json\/wp\/v2\/users\/2"}],"replies":[{"embeddable":true,"href":"https:\/\/www.todoeldia.com\/index.php\/wp-json\/wp\/v2\/comments?post=23925"}],"version-history":[{"count":1,"href":"https:\/\/www.todoeldia.com\/index.php\/wp-json\/wp\/v2\/posts\/23925\/revisions"}],"predecessor-version":[{"id":23927,"href":"https:\/\/www.todoeldia.com\/index.php\/wp-json\/wp\/v2\/posts\/23925\/revisions\/23927"}],"wp:featuredmedia":[{"embeddable":true,"href":"https:\/\/www.todoeldia.com\/index.php\/wp-json\/wp\/v2\/media\/23926"}],"wp:attachment":[{"href":"https:\/\/www.todoeldia.com\/index.php\/wp-json\/wp\/v2\/media?parent=23925"}],"wp:term":[{"taxonomy":"category","embeddable":true,"href":"https:\/\/www.todoeldia.com\/index.php\/wp-json\/wp\/v2\/categories?post=23925"},{"taxonomy":"post_tag","embeddable":true,"href":"https:\/\/www.todoeldia.com\/index.php\/wp-json\/wp\/v2\/tags?post=23925"}],"curies":[{"name":"wp","href":"https:\/\/api.w.org\/{rel}","templated":true}]}}