{"id":23928,"date":"2021-05-28T17:03:01","date_gmt":"2021-05-28T20:03:01","guid":{"rendered":"https:\/\/www.todoeldia.com\/?p=23928"},"modified":"2021-05-28T17:03:02","modified_gmt":"2021-05-28T20:03:02","slug":"saenz-se-fue-a-metan-y-r-de-la-frontera-preocupado-por-la-situacion-epidemiologica","status":"publish","type":"post","link":"https:\/\/www.todoeldia.com\/index.php\/2021\/05\/28\/saenz-se-fue-a-metan-y-r-de-la-frontera-preocupado-por-la-situacion-epidemiologica\/","title":{"rendered":"S\u00e1enz se fue a Met\u00e1n y R\u00b0 de la Frontera preocupado por la situaci\u00f3n epidemiol\u00f3gica"},"content":{"rendered":"\n<p>&#8220;Estamos siempre presente donde la gente nos necesita\u201d, dijo el Gobernador quien recorri\u00f3 el hospital de campa\u00f1a que se instala en el nosocomio de Rosario de la Frontera y en Met\u00e1n verific\u00f3 el avance de obras para habilitar la UTI del Hospital del Carmen.<\/p>\n\n\n\n<p>El gobernador Gustavo S\u00e1enz supervis\u00f3 esta ma\u00f1ana en Rosario de la Frontera, la instalaci\u00f3n del hospital de campa\u00f1a con capacidad para 20 camas equipadas para la atenci\u00f3n sanitaria COVID-19, que el Ej\u00e9rcito est\u00e1 montando en el predio del hospital Melchora Figueroa de Cornejo. Tambi\u00e9n se interioriz\u00f3 sobre la campa\u00f1a de vacunaci\u00f3n que se realiza en el municipio.<\/p>\n\n\n\n<p>Luego se traslad\u00f3 al hospital del Carmen, en la ciudad de Met\u00e1n, donde verific\u00f3 el estado de avance de las obras para la ampliaci\u00f3n del nosocomio y el sector en que pr\u00f3ximamente se habilitar\u00e1 la UTI&nbsp; \u201cpara tener por primera vez en 80 a\u00f1os&nbsp; lo que les corresponde: camas de terapia intensiva en Met\u00e1n\u201d, destac\u00f3 el Gobernador.<\/p>\n\n\n\n<p>En Rosario de la Frontera y en Met\u00e1n, S\u00e1enz destac\u00f3 especialmente la labor de los m\u00e9dicos y enfermeros que trabajan en el contexto de la pandemia \u201cpor la dedicaci\u00f3n y responsabilidad que est\u00e1n demostrando, apoyando a la salud p\u00fablica en la primera l\u00ednea para librar la batalla contra este virus\u201d.<\/p>\n\n\n\n<p>Al evaluar la situaci\u00f3n sanitaria del sur provincial, S\u00e1enz indic\u00f3 que el Estado est\u00e1 dotando de m\u00e1s camas para pacientes COVID-19, pero \u201clos recursos humanos son fundamentales y hoy no dan abasto, por lo cual es fundamental la responsabilidad social\u201d.<\/p>\n","protected":false},"excerpt":{"rendered":"<p>&#8220;Estamos siempre presente donde la gente nos necesita\u201d, dijo el Gobernador quien recorri\u00f3 el hospital de campa\u00f1a que se instala en el nosocomio de Rosario de la Frontera y en Met\u00e1n verific\u00f3 el avance de obras para habilitar la UTI del Hospital del Carmen. El gobernador Gustavo S\u00e1enz supervis\u00f3 esta ma\u00f1ana en Rosario de la [&hellip;]<\/p>\n","protected":false},"author":2,"featured_media":23929,"comment_status":"open","ping_status":"open","sticky":false,"template":"","format":"standard","meta":{"tdm_status":"","tdm_grid_status":"","_joinchat":[],"footnotes":""},"categories":[73],"tags":[],"class_list":{"0":"post-23928","1":"post","2":"type-post","3":"status-publish","4":"format-standard","5":"has-post-thumbnail","7":"category-noticias-general"},"amp_enabled":true,"_links":{"self":[{"href":"https:\/\/www.todoeldia.com\/index.php\/wp-json\/wp\/v2\/posts\/23928","targetHints":{"allow":["GET"]}}],"collection":[{"href":"https:\/\/www.todoeldia.com\/index.php\/wp-json\/wp\/v2\/posts"}],"about":[{"href":"https:\/\/www.todoeldia.com\/index.php\/wp-json\/wp\/v2\/types\/post"}],"author":[{"embeddable":true,"href":"https:\/\/www.todoeldia.com\/index.php\/wp-json\/wp\/v2\/users\/2"}],"replies":[{"embeddable":true,"href":"https:\/\/www.todoeldia.com\/index.php\/wp-json\/wp\/v2\/comments?post=23928"}],"version-history":[{"count":1,"href":"https:\/\/www.todoeldia.com\/index.php\/wp-json\/wp\/v2\/posts\/23928\/revisions"}],"predecessor-version":[{"id":23930,"href":"https:\/\/www.todoeldia.com\/index.php\/wp-json\/wp\/v2\/posts\/23928\/revisions\/23930"}],"wp:featuredmedia":[{"embeddable":true,"href":"https:\/\/www.todoeldia.com\/index.php\/wp-json\/wp\/v2\/media\/23929"}],"wp:attachment":[{"href":"https:\/\/www.todoeldia.com\/index.php\/wp-json\/wp\/v2\/media?parent=23928"}],"wp:term":[{"taxonomy":"category","embeddable":true,"href":"https:\/\/www.todoeldia.com\/index.php\/wp-json\/wp\/v2\/categories?post=23928"},{"taxonomy":"post_tag","embeddable":true,"href":"https:\/\/www.todoeldia.com\/index.php\/wp-json\/wp\/v2\/tags?post=23928"}],"curies":[{"name":"wp","href":"https:\/\/api.w.org\/{rel}","templated":true}]}}