{"id":23982,"date":"2021-05-29T20:00:18","date_gmt":"2021-05-29T23:00:18","guid":{"rendered":"https:\/\/www.todoeldia.com\/?p=23982"},"modified":"2021-05-29T20:00:19","modified_gmt":"2021-05-29T23:00:19","slug":"denuncia-y-advertencia-en-el-estilo-unico-de-jorge-fernandez-diaz-por-joaquin-morales-sola","status":"publish","type":"post","link":"https:\/\/www.todoeldia.com\/index.php\/2021\/05\/29\/denuncia-y-advertencia-en-el-estilo-unico-de-jorge-fernandez-diaz-por-joaquin-morales-sola\/","title":{"rendered":"Denuncia y advertencia, en el estilo \u00fanico de Jorge Fern\u00e1ndez D\u00edaz.  Por Joaqu\u00edn Morales Sol\u00e1"},"content":{"rendered":"\n<p>Jorge Fern\u00e1ndez D\u00edaz es un columnista disruptivo. Le fascinan los procesos hist\u00f3ricos m\u00e1s que las peque\u00f1eces cotidianas. \u00bfHay una grieta entre kirchneristas y antikirchneristas o entre macristas y antimacristas? Cualquier observador contestar\u00eda que s\u00ed, que ese abismo existe. Para Fern\u00e1ndez D\u00edaz, en cambio, la grieta separa otra cosa: a los que creen que la Argentina se debe todav\u00eda una rep\u00fablica en serio, y un progreso de su econom\u00eda consensual con el mundo, de los que piensan con las ideas de hace 70 a\u00f1os (o de hace 40).<\/p>\n\n\n\n<p>Su \u00faltimo libro (Una historia argentina en tiempo real, Editorial Planeta) es una excelente radiograf\u00eda del pa\u00eds de los argentinos y un striptease ideol\u00f3gico del autor. Est\u00e1 escrito con la prosa elegante y creativa de un escritor que triunf\u00f3, y seguir\u00e1 triunfando, como autor de libros de literatura (\u00bfqui\u00e9n puede olvidar su conmovedor Mam\u00e1?). Pero, a la vez, Fern\u00e1ndez D\u00edaz, periodista por vocaci\u00f3n y convicci\u00f3n, privilegia la claridad. Elegancia y claridad son la mezcla ideal de los buenos libros, sobre todo cuando tratan de explicar la inexplicable pol\u00edtica argentina.<\/p>\n\n\n\n<p>El libro contiene una audacia. Las primeras 90 p\u00e1ginas (perd\u00f3n por el spoiler) son un relato en primera persona de la peripecia ideol\u00f3gica del autor. Militante de la izquierda en los a\u00f1os de la dictadura y durante el gobierno de Ra\u00fal Alfons\u00edn, Fern\u00e1ndez D\u00edaz estuvo deslumbrado por Jorge Abelardo Ramos. Ramos fue un raro fen\u00f3meno pol\u00edtico en los a\u00f1os 70 y 80, aunque luego termin\u00f3 olvidado como embajador en M\u00e9xico del primer gobierno de Carlos Menem. Ramos, que le dio consistencia intelectual a la idea ya anacr\u00f3nica de un capitalismo aut\u00f3ctono y aut\u00e1rquico, no pod\u00eda convivir con un gobierno en el que tallaban figuras como Domingo Cavallo y Guido Di Tella. No convivi\u00f3, se fue de la embajada y la llama de su vieja gloria intelectual se fue apagando hasta su muerte. Sin embargo, en los a\u00f1os 70 Ramos tuvo un enorme predicamento entre estudiantes universitarios, tanto en la Capital como en el interior del pa\u00eds.<\/p>\n\n\n\n<p>En un tiempo todav\u00eda influenciado por el Mayo Franc\u00e9s del 68, Ramos promet\u00eda tomar el cielo por asalto en nombre del peronismo, pero sin violencia. As\u00ed como en una de sus mesas de luz descansaban los libros de Ramos, en la otra mesa de Fern\u00e1ndez D\u00edaz esperaban los de Juan Jos\u00e9 Sebreli, el intelectual que a\u00fan ahora, a los 90 a\u00f1os, sigue denunciando el populismo y detesta al peronismo, al que califica de \u201ccesarismo plebiscitario\u201d. Finalmente se impuso Sebreli en la formaci\u00f3n intelectual de Fern\u00e1ndez D\u00edaz. Se impuso tambi\u00e9n en el estilo: frontal, directo y provocativo. Sebreli y Ramos, cada uno con sus ideas, son parecidos a Fern\u00e1ndez D\u00edaz en su manera de decir las cosas y en la apasionada defensa de sus ideas. Aunque se deshizo de las proclamas de Ramos y abraz\u00f3 las de Sebreli, lo cierto es que en Fern\u00e1ndez D\u00edaz hay rastros estil\u00edsticos de los dos.<\/p>\n\n\n\n<p>Escuch\u00e9 decir que Fern\u00e1ndez D\u00edaz es hiperb\u00f3lico en sus an\u00e1lisis pol\u00edticos. Somos amigos y conversamos frecuentemente. Es dif\u00edcil no concluir que tiene raz\u00f3n cuando elabora sus ideas, sean hiperb\u00f3licas o no. En los a\u00f1os que lleva como columnista pol\u00edtico dominical de LA NACION ha profundizado en todos los conflictos del pa\u00eds: desde la pobreza hasta el tr\u00e1fico de drogas; desde la corrupci\u00f3n del kirchnerismo hasta la violaci\u00f3n permanente de los principios democr\u00e1ticos. Su libro es una edici\u00f3n cuidada, prolija y precisa de muchas de esas columnas, que pueden leerse como reflexiones hechas aqu\u00ed y ahora. Ha confeccionado un trabajo monumental, porque es m\u00e1s dif\u00edcil reeditar a\u00f1os de columnas pol\u00edticas que escribir un libro desde cero. El riesgo de escribir un libro totalmente nuevo es que se olvide o se subestime mucha informaci\u00f3n que contienen sus columnas. Hay una explicaci\u00f3n: parece que Fern\u00e1ndez D\u00edaz escribe desde su escritorio rodeado nada m\u00e1s que de libros y diarios. Solo parece, porque tambi\u00e9n es un callejero del periodismo. Es un curioso conversador con dirigentes pol\u00edticos (durante mucho tiempo incluy\u00f3 entre sus interlocutores habituales al actual presidente Alberto Fern\u00e1ndez) y un lector entusiasta de los autores que deber\u00edan inspirar a las nuevas generaciones de j\u00f3venes peronistas y kirchneristas. Desde Arturo Jauretche hasta Juan Jos\u00e9 Hern\u00e1ndez Arregui, ley\u00f3 a los que deber\u00edan leer los j\u00f3venes camporistas, si es que leyeran. Fern\u00e1ndez D\u00edaz los ley\u00f3 para refutarlos con buenos argumentos, que es lo que hacen los intelectuales serios.<\/p>\n\n\n\n<p>Su cr\u00edtica al peronismo es flam\u00edgera y definitiva. \u00bfEs hiperb\u00f3lico, por eso? Aunque algunos quisi\u00e9ramos ver destellos de esperanzas de un peronismo moderno, democr\u00e1tico y tolerante, lo cierto es que la experiencia y la historia le dan la raz\u00f3n a Fern\u00e1ndez D\u00edaz. Los pobres son cada vez m\u00e1s en la Argentina (la cifra real se acerca al 50 por ciento de la sociedad). La clase media, ambiciosa y reclamante, se encogi\u00f3 dram\u00e1ticamente. El pa\u00eds es un territorio de consumo y tr\u00e1fico de drogas, como nunca antes hab\u00eda sucedido. La econom\u00eda no creci\u00f3 ni se diversific\u00f3, a pesar de que vivi\u00f3 en la primera d\u00e9cada del siglo actual el auge econ\u00f3mico m\u00e1s importante desde la Segunda Guerra. La soja fue la santa protectora del kirchnerismo, pero la us\u00f3 mal: despilfarr\u00f3 millones de d\u00f3lares para construir un proyecto pol\u00edtico familiar. El balance es devastador. El peronismo gobern\u00f3 el pa\u00eds durante 25 de los 37 a\u00f1os de democracia. Y cogobern\u00f3 durante parte de la administraci\u00f3n de Ra\u00fal Alfons\u00edn despu\u00e9s de la derrota alfonsinista de 1987. \u00bfSe puede exculpar al peronismo de esa historia de fracasos? No. Solo se puede pedirle que no insista en recorrer el mismo camino porque terminar\u00e1 siempre en el mismo final. Las p\u00e1ginas de Fern\u00e1ndez D\u00edaz est\u00e1n llenas de esas reflexiones y son tambi\u00e9n, aunque \u00e9l no lo confiese, una exhortaci\u00f3n al peronismo. Los peronistas deben cambiar si no quieren quedar en la historia como los verdugos de un pa\u00eds que no fue.<\/p>\n\n\n\n<p>Muchos me preguntan si las rabietas de Fern\u00e1ndez D\u00edaz, perceptibles en sus columnas (tambi\u00e9n en este libro) y perfectamente audibles en su programa de radio, son actuaciones, meras poses de un personaje especialmente construido. Lamento decepcionarlos. \u00c9l es as\u00ed. Un argentino impaciente y encendido que lleva la sangre caliente que hered\u00f3 de los asturianos. Desde Sarmiento, el pa\u00eds ha tenido articulistas con posiciones definidas que usaron su pluma para defender sus ideas o para hacer en su nombre vehementes denuncias. Fern\u00e1ndez D\u00edaz no es el primero con ese estilo, pero es \u00fanico en el panorama actual. En lugar de ver a un adversario implacable, los destinatarios de sus criticas deber\u00edan descubrir a un periodista entusiasmado con cambiar el destino de su pobre pa\u00eds. Solo los que quieren seguir hurgando en el fondo del abismo y los que desprecian los cambios pueden considerarlo nada m\u00e1s que un caprichoso enemigo. Los cambios podr\u00e1n ser como \u00e9l los propone o podr\u00e1n ser otros, pero nadie puede negar que a la Argentina no le est\u00e1 permitido seguir generando crisis cuyos secretos le son privativos.<\/p>\n\n\n\n<p>El libro es una denuncia y tambi\u00e9n una advertencia. Una denuncia que incluye a toda la dirigencia pol\u00edtica, econ\u00f3mica y gremial. No hay santos en un pa\u00eds con tantos pecados. No hay inocentes en la cresta de la pol\u00edtica. Solo los argentinos de a pie pueden declararse inocentes entre tantos estragos. Las muchas p\u00e1ginas de Fern\u00e1ndez D\u00edaz se leen como un largo art\u00edculo y uno se queda hasta con ganas de m\u00e1s. Se disfruta de la prosa con la misma intensidad con que se saborean las ideas que brotan en cada p\u00e1rrafo. Aunque la superstici\u00f3n de la grieta puramente partidaria puede desaparecer al final del libro, lo cierto es que queda la conclusi\u00f3n de que el pa\u00eds ya no tiene muchas oportunidades. Recuerda, incluso, el c\u00e9lebre poema de Jaime Gil de Biedma: \u201cDe todas las historia de la Historia sin duda la m\u00e1s triste es la de Espa\u00f1a, porque termina mal\u201d. Solo habr\u00eda que escribir el nombre de la Argentina donde dice Espa\u00f1a. El esfuerzo intelectual de Fern\u00e1ndez D\u00edaz se cifra precisamente en que el nombre de su pa\u00eds no sea incluido en un poema tr\u00e1gico.<\/p>\n","protected":false},"excerpt":{"rendered":"<p>Jorge Fern\u00e1ndez D\u00edaz es un columnista disruptivo. Le fascinan los procesos hist\u00f3ricos m\u00e1s que las peque\u00f1eces cotidianas. \u00bfHay una grieta entre kirchneristas y antikirchneristas o entre macristas y antimacristas? Cualquier observador contestar\u00eda que s\u00ed, que ese abismo existe. Para Fern\u00e1ndez D\u00edaz, en cambio, la grieta separa otra cosa: a los que creen que la Argentina [&hellip;]<\/p>\n","protected":false},"author":2,"featured_media":23983,"comment_status":"open","ping_status":"open","sticky":false,"template":"","format":"standard","meta":{"tdm_status":"","tdm_grid_status":"","_joinchat":[],"footnotes":""},"categories":[71],"tags":[],"class_list":{"0":"post-23982","1":"post","2":"type-post","3":"status-publish","4":"format-standard","5":"has-post-thumbnail","7":"category-columnistas"},"amp_enabled":true,"_links":{"self":[{"href":"https:\/\/www.todoeldia.com\/index.php\/wp-json\/wp\/v2\/posts\/23982","targetHints":{"allow":["GET"]}}],"collection":[{"href":"https:\/\/www.todoeldia.com\/index.php\/wp-json\/wp\/v2\/posts"}],"about":[{"href":"https:\/\/www.todoeldia.com\/index.php\/wp-json\/wp\/v2\/types\/post"}],"author":[{"embeddable":true,"href":"https:\/\/www.todoeldia.com\/index.php\/wp-json\/wp\/v2\/users\/2"}],"replies":[{"embeddable":true,"href":"https:\/\/www.todoeldia.com\/index.php\/wp-json\/wp\/v2\/comments?post=23982"}],"version-history":[{"count":1,"href":"https:\/\/www.todoeldia.com\/index.php\/wp-json\/wp\/v2\/posts\/23982\/revisions"}],"predecessor-version":[{"id":23984,"href":"https:\/\/www.todoeldia.com\/index.php\/wp-json\/wp\/v2\/posts\/23982\/revisions\/23984"}],"wp:featuredmedia":[{"embeddable":true,"href":"https:\/\/www.todoeldia.com\/index.php\/wp-json\/wp\/v2\/media\/23983"}],"wp:attachment":[{"href":"https:\/\/www.todoeldia.com\/index.php\/wp-json\/wp\/v2\/media?parent=23982"}],"wp:term":[{"taxonomy":"category","embeddable":true,"href":"https:\/\/www.todoeldia.com\/index.php\/wp-json\/wp\/v2\/categories?post=23982"},{"taxonomy":"post_tag","embeddable":true,"href":"https:\/\/www.todoeldia.com\/index.php\/wp-json\/wp\/v2\/tags?post=23982"}],"curies":[{"name":"wp","href":"https:\/\/api.w.org\/{rel}","templated":true}]}}