{"id":24003,"date":"2021-05-30T12:49:26","date_gmt":"2021-05-30T15:49:26","guid":{"rendered":"https:\/\/www.todoeldia.com\/?p=24003"},"modified":"2021-05-30T12:49:28","modified_gmt":"2021-05-30T15:49:28","slug":"ana-paula-encontro-a-sus-papas-biologicos-a-los-48-anos-supo-que-habia-sido-robada","status":"publish","type":"post","link":"https:\/\/www.todoeldia.com\/index.php\/2021\/05\/30\/ana-paula-encontro-a-sus-papas-biologicos-a-los-48-anos-supo-que-habia-sido-robada\/","title":{"rendered":"Ana Paula encontr\u00f3 a sus pap\u00e1s biol\u00f3gicos a los 48 a\u00f1os, supo que hab\u00eda sido robada"},"content":{"rendered":"\n<p>Despu\u00e9s de conocer la verdad sobre su origen, pas\u00f3 24 a\u00f1os intentando encontrarlos. A trav\u00e9s de las redes sociales, una prima vio una foto suya y tras un examen de ADN confirmaron que eran familia.<\/p>\n\n\n\n<p>De chica, Ana Paula Tolosa Safigueroa so\u00f1aba con una mam\u00e1 que no era la que viv\u00eda con ella en su casa. Le obsesionaba la idea de que las personas a las que llamaba padres ten\u00edan valores muy distintos a los de ella y la angustiaba tener la sensaci\u00f3n de que su familia estaba en otro lugar.<\/p>\n\n\n\n<p>En reiteradas oportunidades, durante la ni\u00f1ez y la adolescencia, les pregunt\u00f3 sobre su origen. Les miraba las manos y pensaba que eran diferentes a las suyas. Buscaba pruebas que confirmaran que ella no pertenec\u00eda all\u00ed pero reci\u00e9n a los 24 a\u00f1os pudo corroborarlo.<\/p>\n\n\n\n<p>Durante m\u00e1s de dos d\u00e9cadas busc\u00f3 a su pap\u00e1s biol\u00f3gicos a quienes encontr\u00f3 en plena pandemia gracias a las redes sociales: \u201cSomos muy felices y conscientes de que es un milagro, pero tambi\u00e9n es imposible no pensar en todo eso que nunca tuvo que haber sido\u201d, explica Ana Paula a TN.com.ar.<\/p>\n\n\n\n<figure class=\"wp-block-image size-large\"><img loading=\"lazy\" decoding=\"async\" width=\"576\" height=\"1024\" src=\"https:\/\/www.todoeldia.com\/wp-content\/uploads\/2021\/05\/ana-paula-1-576x1024.jpg\" alt=\"\" class=\"wp-image-24005\" srcset=\"https:\/\/www.todoeldia.com\/wp-content\/uploads\/2021\/05\/ana-paula-1-576x1024.jpg 576w, https:\/\/www.todoeldia.com\/wp-content\/uploads\/2021\/05\/ana-paula-1-169x300.jpg 169w, https:\/\/www.todoeldia.com\/wp-content\/uploads\/2021\/05\/ana-paula-1-768x1365.jpg 768w, https:\/\/www.todoeldia.com\/wp-content\/uploads\/2021\/05\/ana-paula-1-864x1536.jpg 864w, https:\/\/www.todoeldia.com\/wp-content\/uploads\/2021\/05\/ana-paula-1-1152x2048.jpg 1152w, https:\/\/www.todoeldia.com\/wp-content\/uploads\/2021\/05\/ana-paula-1-300x533.jpg 300w, https:\/\/www.todoeldia.com\/wp-content\/uploads\/2021\/05\/ana-paula-1-696x1237.jpg 696w, https:\/\/www.todoeldia.com\/wp-content\/uploads\/2021\/05\/ana-paula-1-1068x1899.jpg 1068w, https:\/\/www.todoeldia.com\/wp-content\/uploads\/2021\/05\/ana-paula-1-236x420.jpg 236w, https:\/\/www.todoeldia.com\/wp-content\/uploads\/2021\/05\/ana-paula-1.jpg 1440w\" sizes=\"auto, (max-width: 576px) 100vw, 576px\" \/><\/figure>\n\n\n\n<p>El 9 de julio de 2020, una prima la contact\u00f3 por Facebook despu\u00e9s de ver un posteo en el que Ana explicaba que buscaba a su mam\u00e1: \u201cElla pens\u00f3 que la publicaci\u00f3n la hab\u00eda hecho una de mis hermanas, pero era m\u00edo. Enseguida habl\u00f3 con ella y le cont\u00f3 sobre lo que hab\u00eda encontrado en las redes. Ambas sab\u00edan que yo exist\u00eda. Mis pap\u00e1s les hab\u00edan contado que hab\u00eda sido robada, pero la partera les hab\u00eda mentido sobre mi identidad: cre\u00edan que era var\u00f3n\u201d.<\/p>\n\n\n\n<p>Por el gran parecido y algunas fechas y lugares que coincid\u00edan entre las historias que mis padres les hab\u00edan contado y lo que yo hab\u00eda publicado, decidieron dar un paso m\u00e1s y comparar la informaci\u00f3n de las partidas de nacimiento: \u201cEn la libreta sanitaria figuraba que hab\u00edamos nacido con la misma partera\u201d.<\/p>\n\n\n\n<p>Su mam\u00e1 estuvo encerrada dos meses en la casa de Aurora Souto hasta que dio a luz a Ana Paula: \u201cCuando nac\u00ed, la partera le dijo a mi madre que yo era var\u00f3n y que me hab\u00edan entregado a unas personas en Magdalena. Todo era mentira, para que jam\u00e1s pudieran encontrarme. Durante mi infancia estuve a 20 cuadras de la casa de mi verdaderos pap\u00e1s\u201d, cuenta Ana Paula.<\/p>\n\n\n\n<figure class=\"wp-block-image size-large\"><img loading=\"lazy\" decoding=\"async\" width=\"575\" height=\"1024\" src=\"https:\/\/www.todoeldia.com\/wp-content\/uploads\/2021\/05\/ana-paula-2-575x1024.jpg\" alt=\"\" class=\"wp-image-24006\" srcset=\"https:\/\/www.todoeldia.com\/wp-content\/uploads\/2021\/05\/ana-paula-2-575x1024.jpg 575w, https:\/\/www.todoeldia.com\/wp-content\/uploads\/2021\/05\/ana-paula-2-169x300.jpg 169w, https:\/\/www.todoeldia.com\/wp-content\/uploads\/2021\/05\/ana-paula-2-768x1367.jpg 768w, https:\/\/www.todoeldia.com\/wp-content\/uploads\/2021\/05\/ana-paula-2-863x1536.jpg 863w, https:\/\/www.todoeldia.com\/wp-content\/uploads\/2021\/05\/ana-paula-2-1151x2048.jpg 1151w, https:\/\/www.todoeldia.com\/wp-content\/uploads\/2021\/05\/ana-paula-2-300x534.jpg 300w, https:\/\/www.todoeldia.com\/wp-content\/uploads\/2021\/05\/ana-paula-2-696x1239.jpg 696w, https:\/\/www.todoeldia.com\/wp-content\/uploads\/2021\/05\/ana-paula-2-1068x1901.jpg 1068w, https:\/\/www.todoeldia.com\/wp-content\/uploads\/2021\/05\/ana-paula-2-236x420.jpg 236w, https:\/\/www.todoeldia.com\/wp-content\/uploads\/2021\/05\/ana-paula-2-scaled.jpg 1438w\" sizes=\"auto, (max-width: 575px) 100vw, 575px\" \/><\/figure>\n\n\n\n<p>A los trece a\u00f1os la pareja con la que se cri\u00f3 decidi\u00f3 que se mudaran a Bragado. Durante toda su adolescencia sinti\u00f3, como cuando era chica, que ese hombre y esa mujer con los que viv\u00eda no eran su verdaderos padres: \u201cYo siempre supe que no era parte de esa familia. Les dec\u00eda que no me parec\u00eda en nada a ellos, no desde lo f\u00edsico, sino en los valores. No estaba de acuerdo con su mirada del mundo\u201d.<\/p>\n\n\n\n<p>Ana Paula recuerda que le obsesionaban las manos. Desde que tiene memoria comparaba las suyas con las de la familia sustituta intentando descifrar por qu\u00e9 ten\u00eda la sensaci\u00f3n de no pertenecer all\u00ed.<\/p>\n\n\n\n<p>Durante las tardes de siesta en Bragado, ella revolv\u00eda los papeles buscando evidencias. Alguna certeza que se relacionara con lo que percib\u00eda. \u201cMi partida de nacimiento es una verg\u00fcenza, no tiene ni los documentos de ellos\u201d, afirma, y agrega: \u201cRepet\u00edan un discurso armado, que su madre sustituta hab\u00eda perdido un beb\u00e9 antes de mi nacimiento y que yo hab\u00eda nacido en un parto natural en casa\u201c.<\/p>\n\n\n\n<p>En varias oportunidades les pregunt\u00f3 si eran sus verdaderos padres y ellos ment\u00edan, le ocultaban la verdad sobre su identidad. A los 24 a\u00f1os, corrobor\u00f3 lo que siempre hab\u00eda supo.<\/p>\n\n\n\n<p>&nbsp;\u201cA los 21 a\u00f1os, cuando tuve a mi hija mayor, estaba en trabajo de parto y mi madre sustituta me da unas revistas y me dice \u2018para que no te aburras\u2019. La mir\u00e9 y solo me sali\u00f3 decirle \u2018c\u00f3mo se nota que nunca pariste\u2019\u201d, recuerda Ana Paula.<\/p>\n\n\n\n<p>Esa certeza a medias sin poder ratificarlo con alg\u00fan dato claro o alg\u00fan elemento puntual qued\u00f3 dando vueltas en su cabeza. Ella solo quer\u00eda escuchar de esas personas que ella no era su hija: \u201cLos que tenemos identidad sustituida necesitamos la corroboraci\u00f3n\u201d.<\/p>\n\n\n\n<p>Al a\u00f1o y medio tuvo a su segunda hija y decidi\u00f3 tomarse unas vacaciones de la b\u00fasqueda: \u201cCon dos ni\u00f1as peque\u00f1as, no ten\u00eda tiempo para dedicarle. Sent\u00eda una gran orfandad. El agujero se hacia cada vez mas grande\u201d.<\/p>\n\n\n\n<figure class=\"wp-block-image size-large\"><img loading=\"lazy\" decoding=\"async\" width=\"1018\" height=\"1024\" src=\"https:\/\/www.todoeldia.com\/wp-content\/uploads\/2021\/05\/ana-paula-3-1018x1024.jpg\" alt=\"\" class=\"wp-image-24007\" srcset=\"https:\/\/www.todoeldia.com\/wp-content\/uploads\/2021\/05\/ana-paula-3-1018x1024.jpg 1018w, https:\/\/www.todoeldia.com\/wp-content\/uploads\/2021\/05\/ana-paula-3-298x300.jpg 298w, https:\/\/www.todoeldia.com\/wp-content\/uploads\/2021\/05\/ana-paula-3-150x150.jpg 150w, https:\/\/www.todoeldia.com\/wp-content\/uploads\/2021\/05\/ana-paula-3-768x772.jpg 768w, https:\/\/www.todoeldia.com\/wp-content\/uploads\/2021\/05\/ana-paula-3-300x302.jpg 300w, https:\/\/www.todoeldia.com\/wp-content\/uploads\/2021\/05\/ana-paula-3-696x700.jpg 696w, https:\/\/www.todoeldia.com\/wp-content\/uploads\/2021\/05\/ana-paula-3-1068x1074.jpg 1068w, https:\/\/www.todoeldia.com\/wp-content\/uploads\/2021\/05\/ana-paula-3-418x420.jpg 418w, https:\/\/www.todoeldia.com\/wp-content\/uploads\/2021\/05\/ana-paula-3.jpg 1440w\" sizes=\"auto, (max-width: 1018px) 100vw, 1018px\" \/><\/figure>\n\n\n\n<p>A los 25 a\u00f1os no aguant\u00f3 m\u00e1s y viaj\u00f3 a La Plata, a la casa de una t\u00eda sustituta: \u201cElla estaba pelando papas en la cocina, de espaldas a m\u00ed y yo le dije \u2018viste que al final me dijeron la verdad, que soy adoptada\u2019. Cuando se dio vuelta, vio en mi cara que era ella quien me estaba confirmando mis sospechas\u201d.<\/p>\n\n\n\n<p>En la casa, tambi\u00e9n estaba el hijo de ella, que hab\u00eda sido adoptado legalmente. \u201cPor fin te enteraste\u201d, le dijo. \u201cTodos lo sab\u00edan menos yo. Mi primo el que me impuls\u00f3 a ir la casa de la partera\u201d.<\/p>\n\n\n\n<p>Al llegar, la partera estaba en la puerta: \u201cMe dijo que hab\u00eda nacido all\u00ed y no quiso darme m\u00e1s informaci\u00f3n. Yo sent\u00ed que ese era el lugar en el que tal vez iba a estar m\u00e1s cerca de mi mam\u00e1\u201d.<\/p>\n\n\n\n<p>De all\u00ed, fue a la casa de la mujer que la cri\u00f3 a la que oblig\u00f3 a que le dijera la verdad y ya sin excusas ni forma de sostener la versi\u00f3n con la que la hab\u00edan enga\u00f1ado toda su vida, confirm\u00f3 que no eran sus padres: \u201cDesde ese momento golpe\u00e9 puertas en la secretar\u00eda de Derechos Humanos, fui a Abuelas, escrib\u00ed a programas como \u2018Gente que busca Gente\u2019 pero sab\u00eda que era buscar una aguja en un pajar\u201d.<\/p>\n\n\n\n<p>El camino de Ana Paula para llegar a verdad fue incansable. \u201cFueron 24 a\u00f1os en los que no me di por vencida. Nunca dej\u00e9 de buscar a mi mam\u00e1. Hace 10 a\u00f1os empec\u00e9 a usar las redes sociales para mandar mensajes a ver si obten\u00eda respuesta. Para mi cumplea\u00f1os sub\u00eda un video contando mi historia\u201d, resume.<\/p>\n\n\n\n<p>Ellos tambi\u00e9n la buscaban<\/p>\n\n\n\n<p>Sus pap\u00e1s biol\u00f3gicos nunca la olvidaron y la buscaron siempre. Esa fue la verdad con la que se encontr\u00f3 al recibir el mensaje de una prima que hab\u00eda visto su posteo en las redes sociales: \u201cPap\u00e1 y mam\u00e1 les contaron a mis hermanos que yo hab\u00eda nacido el 1\u00b0 de noviembre de 1972. Que hab\u00edan tenido un beb\u00e9 y que mi abuela lo hab\u00eda entregado a la partera\u201d.<\/p>\n\n\n\n<p>\u201cTodos me buscaban y por eso, al ver mi posteo, mi prima se comunic\u00f3 con una de mis hermanas para mostrarle el gran parecido que ten\u00edamos\u201d.<\/p>\n\n\n\n<p>Con el tiempo, Ana Paula supo que sus padres iban a los corsos de Magdalena, pensando que era var\u00f3n y trataban de encontrar alg\u00fan chico parecido a su hermano menor. \u201cVolv\u00edan de los corsos y se tiraban en la cama a oscuras en silencio. Me los imagino y me produce dolor\u201d, confiesa.<\/p>\n\n\n\n<p>El posteo del encuentro y el ADN con 99,9% de coincidencia<\/p>\n\n\n\n<p>El 27 de abril de 2019, Ana Paula escribi\u00f3: \u201cHoy como muchas veces te pienso mam\u00e1. Pero no me pregunto qu\u00e9 pas\u00f3 exactamente ese fin de octubre o principio de noviembre de 1972. Quiero encontrarte, miro el cielo y s\u00e9 que est\u00e1s\u201d. El texto es extenso y al final, comparti\u00f3 las fotos en las que su prima, crey\u00f3 ver a una de las hermanas.<\/p>\n\n\n\n<p>Ya en contacto con su hermana decidieron hacerse un estudio de ADN que estuvo listo el 19 de agosto de 2020. El an\u00e1lisis le dio una coincidencia del 99,9 por ciento por parte de madre y padre. El d\u00eda que conocieron la noticia, decidieron hacer una videollamada.<\/p>\n\n\n\n<p>La primera videollamada y el abrazo que esper\u00f3 48 a\u00f1os<\/p>\n\n\n\n<p>Al momento de la llamada, Ana Paula recuerda que estaba junto a su esposo y que cuando atendieron, ella le vio la cara de su madre y lo primero que le sali\u00f3 fue decirle \u201cmam\u00e1\u201d: \u201cMi pap\u00e1 lloraba y ella me dec\u00eda \u2018mi amor\u2019\u201d.<\/p>\n\n\n\n<p>Despu\u00e9s lleg\u00f3 el primer abrazo. \u201cPor el tema de los permisos y la log\u00edstica para viajar se demor\u00f3 un mes. En realidad, fueron tantas cosas que me pasaron tambi\u00e9n internamente al saber que iba a finalmente verlos que creo que eso tambi\u00e9n necesit\u00f3 de un tiempo para procesar las emociones\u201d, explica.<\/p>\n\n\n\n<p>Ana Paula contagia miles de emociones al relatar el primer encuentro con la mujer que la tuvo en su vientre: \u201cCuando finalmente abrac\u00e9 a mi mam\u00e1 despu\u00e9s de 48 a\u00f1os me di cuenta, al escuchar su coraz\u00f3n con el que hab\u00eda estado en contacto durante los nueve meses de la gestaci\u00f3n, que no necesitaba ning\u00fan ADN. Era ah\u00ed donde siempre deb\u00eda haber estado. Lo mismo me pas\u00f3 al escuchar la voz de mi pap\u00e1\u201d.<\/p>\n\n\n\n<p>La familia y la identidad: la verdad que sana<\/p>\n\n\n\n<p>Despu\u00e9s de ese primer encuentro, no pas\u00f3 un d\u00eda en que no se hablaran por videollamada, esperando siempre el momento del reencuentro. \u201cHablamos mucho, me contaron que ellos eran muy jovencitos. Mi mam\u00e1 ten\u00eda 13 a\u00f1os y mi pap\u00e1 16 cuando se enteraron de que estaba embarazada. Mi abuela, que hab\u00eda sido madre soltera, no confi\u00f3 en su relaci\u00f3n y decidi\u00f3 sin respetar el deseo de mis padres de tenerme, entregarme a la partera\u201d, asegura.<\/p>\n\n\n\n<p>\u201cA mi mam\u00e1 la tuvieron en cautiverio dos meses en la casa de la mujer y a mi pap\u00e1 le ocultaron a d\u00f3nde me hab\u00edan llevado. \u00c9l recorri\u00f3 la ciudad para encontrarnos pero no lo consigui\u00f3. Mi abuela me dio a la partera y ella me vendi\u00f3 como si fuera una cosa a las personas que me criaron\u201d, resume.<\/p>\n\n\n\n<p>Despu\u00e9s, los padres siguieron juntos y tuvieron cuatro hijos m\u00e1s: \u201cMi hermano me dijo que cuando se enteraron de la verdad sobre lo que hab\u00eda hecho mi abuela conmigo, empezaron a buscarme y en el af\u00e1n de encontrarme, se sum\u00f3 mi prima, la que vio mi posteo\u201d.<\/p>\n\n\n\n<p>La lucha por restituir su identidad y por un banco de ADN<\/p>\n\n\n\n<p>M\u00e1s all\u00e1 de la felicidad por haber encontrado a su familia biol\u00f3gica, para Ana Paula la lucha a\u00fan no termina. Legalmente, en los papeles, sigue siendo Marcela El\u00edas, el nombre que esas personas le pusieron cuando la compraron. \u201cUno firma con un nombre, que nos acompa\u00f1a en todo lo que hacemos, que nos identifica y yo necesito recuperar mi identidad de origen, mi nombre\u201d, cuenta a TN.com.ar<\/p>\n\n\n\n<p>Desde que se enter\u00f3 quien era, cu\u00e1l era su verdadera familia, busca incansablemente a un abogado que la ayude para que su historia siente un precedente: \u201cLo m\u00edo no es un cambio de identidad, es un restablecimiento de nombre de origen, con el que siempre tendr\u00eda que haberme llamado, Ana Paula Tolosa Safigueroa\u201d<\/p>\n\n\n\n<p>\u201cMe promet\u00ed, antes incluso de encontrar a mi mam\u00e1 que yo iba a seguir velando para se cree el banco de ADN libre y gratuito en la Argentina. Hoy la \u00fanica manera de confirmar una identidad que fue sustra\u00edda es estar en el banco de abuelas. Con mi familia biol\u00f3gica tuvimos que pagar el estudio en Genetic Pro que es un laboratorio privado en argentina que env\u00eda las muestra a Suiza\u201d.<\/p>\n\n\n\n<p>Un primer cumplea\u00f1os sin buscar respuestas en el cielo<\/p>\n\n\n\n<p>De sus cuatro hermanos, la m\u00e1s chica naci\u00f3 el mismo d\u00eda que ella con 24 a\u00f1os y quince minutos de diferencia. Desde que se conocieron, m\u00e1s all\u00e1 del v\u00ednculo entre todos, entre ellas sintieron una conexi\u00f3n especial.<\/p>\n\n\n\n<p>En noviembre pasado, celebraron el primer cumplea\u00f1os de las dos en familia. Fue la primera vez que pudo brindar toda junta: \u201cDurante 47 a\u00f1os, mi mam\u00e1 siempre brindaba mirando las estrellas y esta vez lo hicimos mir\u00e1ndonos a los ojos\u201d, concluye Ana Paula Tolosa Safigueroa, la mujer que luch\u00f3 por conocer su pasado y que construye un futuro junto a personas que la aman y que siempre la buscaron.<\/p>\n","protected":false},"excerpt":{"rendered":"<p>Despu\u00e9s de conocer la verdad sobre su origen, pas\u00f3 24 a\u00f1os intentando encontrarlos. A trav\u00e9s de las redes sociales, una prima vio una foto suya y tras un examen de ADN confirmaron que eran familia. De chica, Ana Paula Tolosa Safigueroa so\u00f1aba con una mam\u00e1 que no era la que viv\u00eda con ella en su [&hellip;]<\/p>\n","protected":false},"author":2,"featured_media":24004,"comment_status":"open","ping_status":"open","sticky":false,"template":"","format":"standard","meta":{"tdm_status":"","tdm_grid_status":"","_joinchat":[],"footnotes":""},"categories":[73],"tags":[],"class_list":{"0":"post-24003","1":"post","2":"type-post","3":"status-publish","4":"format-standard","5":"has-post-thumbnail","7":"category-noticias-general"},"amp_enabled":true,"_links":{"self":[{"href":"https:\/\/www.todoeldia.com\/index.php\/wp-json\/wp\/v2\/posts\/24003","targetHints":{"allow":["GET"]}}],"collection":[{"href":"https:\/\/www.todoeldia.com\/index.php\/wp-json\/wp\/v2\/posts"}],"about":[{"href":"https:\/\/www.todoeldia.com\/index.php\/wp-json\/wp\/v2\/types\/post"}],"author":[{"embeddable":true,"href":"https:\/\/www.todoeldia.com\/index.php\/wp-json\/wp\/v2\/users\/2"}],"replies":[{"embeddable":true,"href":"https:\/\/www.todoeldia.com\/index.php\/wp-json\/wp\/v2\/comments?post=24003"}],"version-history":[{"count":1,"href":"https:\/\/www.todoeldia.com\/index.php\/wp-json\/wp\/v2\/posts\/24003\/revisions"}],"predecessor-version":[{"id":24008,"href":"https:\/\/www.todoeldia.com\/index.php\/wp-json\/wp\/v2\/posts\/24003\/revisions\/24008"}],"wp:featuredmedia":[{"embeddable":true,"href":"https:\/\/www.todoeldia.com\/index.php\/wp-json\/wp\/v2\/media\/24004"}],"wp:attachment":[{"href":"https:\/\/www.todoeldia.com\/index.php\/wp-json\/wp\/v2\/media?parent=24003"}],"wp:term":[{"taxonomy":"category","embeddable":true,"href":"https:\/\/www.todoeldia.com\/index.php\/wp-json\/wp\/v2\/categories?post=24003"},{"taxonomy":"post_tag","embeddable":true,"href":"https:\/\/www.todoeldia.com\/index.php\/wp-json\/wp\/v2\/tags?post=24003"}],"curies":[{"name":"wp","href":"https:\/\/api.w.org\/{rel}","templated":true}]}}