{"id":24009,"date":"2021-05-30T12:59:57","date_gmt":"2021-05-30T15:59:57","guid":{"rendered":"https:\/\/www.todoeldia.com\/?p=24009"},"modified":"2021-05-30T12:59:58","modified_gmt":"2021-05-30T15:59:58","slug":"en-salta-hay-mas-internados-en-terapia-en-clinicas-y-sanatorios-que-en-los-hospitales","status":"publish","type":"post","link":"https:\/\/www.todoeldia.com\/index.php\/2021\/05\/30\/en-salta-hay-mas-internados-en-terapia-en-clinicas-y-sanatorios-que-en-los-hospitales\/","title":{"rendered":"En Salta hay mas internados en terapia en cl\u00ednicas y sanatorios que en los hospitales"},"content":{"rendered":"\n<p>En algunas provincias las cl\u00ednicas y sanatorios ya no tienen lugar para seguir tratando pacientes graves. En Santa Fe y R\u00edo Negro, el sistema sanitario est\u00e1 colapsado. Alarma en el AMBA<\/p>\n\n\n\n<p>La mayor\u00eda de las 24 regiones en las que est\u00e1 dividido el pa\u00eds tiene desde hace una semana las Unidades de Terapia Intensiva del sistema p\u00fablico desbordadas. El sector privado a\u00fan tiene capacidad de respuesta, salvo en provincias como Santa Fe, Neuqu\u00e9n, R\u00edo Negro, Formosa y San Juan, distritos que demostraron una seria debilidad ante la segunda ola de coronavirus. En Jujuy, Salta y Tucum\u00e1n los pacientes en cl\u00ednicas y sanatorios superan a los internados en hospitales.<\/p>\n\n\n\n<figure class=\"wp-block-image size-large is-resized\"><img loading=\"lazy\" decoding=\"async\" src=\"https:\/\/www.todoeldia.com\/wp-content\/uploads\/2021\/05\/terapia-intensiva-noroeste-30-mayo-680x1024.jpg\" alt=\"\" class=\"wp-image-24010\" width=\"1061\" height=\"1609\"\/><\/figure>\n\n\n\n<p>Las razones habr\u00eda que buscarlas en dos variables: baja cantidad de camas UTI privadas y la alta incidencia que tienen las internaciones de empleados del sector p\u00fablicos con obra social que terminan derivados al subsector p\u00fablico, o trabajadores privados de una misma actividad que terminan saturando las UTI privadas y son derivados.<\/p>\n\n\n\n<p>En Tucum\u00e1n las terapias intensivas del sector privado tienen una ocupaci\u00f3n del 92,6% contra el 84,2% del p\u00fablico.<\/p>\n\n\n\n<p>En Jujuy la diferencia es mayor a\u00fan, 87,2% contra el 70,1%. Santa Cruz, una de las provincias de menor ocupaci\u00f3n de plazas de terapia, tiene una saturaci\u00f3n del 72,4% de las UTI privadas. Las p\u00fablicas apenas llegan al 45,6%.<\/p>\n\n\n\n<p>En esa provincia patag\u00f3nica, la incidencia del sector petrolero es muy alta; lo mismo ocurre en R\u00edo Negro, provincia con su capacidad de camas de alta complejidad colmada, pero donde las Unidades de Cuidados Intensivos privadas alcanzaron ayer el 97,2% (y las hospitalarias, el 91%).<\/p>\n\n\n\n<p>En R\u00edo Negro los enfermos de coronavirus esperan en los pasillos o acostados en el piso sus derivaciones o una cama. Hubo casos en que los enfermos fallecieron por no poder acceder a cuidados intensivos.<\/p>\n\n\n\n<p>Seg\u00fan los \u00faltimos datos procesados por la Subsecretar\u00eda de Integraci\u00f3n de los Sistemas y Atenci\u00f3n Primaria, hay en este momento 13 jurisdicciones en condici\u00f3n cr\u00edtica porque el promedio de ocupaci\u00f3n de camas UTI tanto p\u00fablicas como privadas superan el 80%.<\/p>\n\n\n\n<p>Son, en orden descendente, las provincias de: Santa Fe (97%), R\u00edo Negro (95%), Formosa (92%), Neuqu\u00e9n (91%), San Juan (90%), Tucum\u00e1n (88%), Mendoza (86%), Corrientes (86%), Entre R\u00edos (84%), CABA (82%), Salta (82%), La Pampa (82%) y Jujuy (81%).<\/p>\n\n\n\n<p>Nunca se hab\u00eda dado esta situaci\u00f3n desde el inicio de la pandemia.<\/p>\n\n\n\n<p>De acuerdo al parte epidemiol\u00f3gico del Ministerio de Salud de la Naci\u00f3n, a cargo de Carla Vizzotti, el viernes, a nivel nacional, se toc\u00f3 el pico de internaciones en camas UTI. Fue del 76,9%, teniendo en cuenta tanto las p\u00fablicas como las privadas, y contabilizando los casos de COVID-19 y de otras patolog\u00edas.<\/p>\n\n\n\n<p>En el \u00c1rea Metropolitana Buenos Aires (AMBA), el porcentaje de internaciones graves, tambi\u00e9n tomando los mismos par\u00e1metros, es mayor a\u00fan, ayer s\u00e1bado era del 77,0%. Sin embargo, esa cifra es ligeramente inferior a la registrada los d\u00edas 24 y 30 de abril, cuando lleg\u00f3 a una ocupaci\u00f3n del 77,90%.<\/p>\n","protected":false},"excerpt":{"rendered":"<p>En algunas provincias las cl\u00ednicas y sanatorios ya no tienen lugar para seguir tratando pacientes graves. En Santa Fe y R\u00edo Negro, el sistema sanitario est\u00e1 colapsado. Alarma en el AMBA La mayor\u00eda de las 24 regiones en las que est\u00e1 dividido el pa\u00eds tiene desde hace una semana las Unidades de Terapia Intensiva del [&hellip;]<\/p>\n","protected":false},"author":2,"featured_media":24011,"comment_status":"open","ping_status":"open","sticky":false,"template":"","format":"standard","meta":{"tdm_status":"","tdm_grid_status":"","_joinchat":[],"footnotes":""},"categories":[65],"tags":[],"class_list":{"0":"post-24009","1":"post","2":"type-post","3":"status-publish","4":"format-standard","5":"has-post-thumbnail","7":"category-coronavirus"},"amp_enabled":true,"_links":{"self":[{"href":"https:\/\/www.todoeldia.com\/index.php\/wp-json\/wp\/v2\/posts\/24009","targetHints":{"allow":["GET"]}}],"collection":[{"href":"https:\/\/www.todoeldia.com\/index.php\/wp-json\/wp\/v2\/posts"}],"about":[{"href":"https:\/\/www.todoeldia.com\/index.php\/wp-json\/wp\/v2\/types\/post"}],"author":[{"embeddable":true,"href":"https:\/\/www.todoeldia.com\/index.php\/wp-json\/wp\/v2\/users\/2"}],"replies":[{"embeddable":true,"href":"https:\/\/www.todoeldia.com\/index.php\/wp-json\/wp\/v2\/comments?post=24009"}],"version-history":[{"count":1,"href":"https:\/\/www.todoeldia.com\/index.php\/wp-json\/wp\/v2\/posts\/24009\/revisions"}],"predecessor-version":[{"id":24012,"href":"https:\/\/www.todoeldia.com\/index.php\/wp-json\/wp\/v2\/posts\/24009\/revisions\/24012"}],"wp:featuredmedia":[{"embeddable":true,"href":"https:\/\/www.todoeldia.com\/index.php\/wp-json\/wp\/v2\/media\/24011"}],"wp:attachment":[{"href":"https:\/\/www.todoeldia.com\/index.php\/wp-json\/wp\/v2\/media?parent=24009"}],"wp:term":[{"taxonomy":"category","embeddable":true,"href":"https:\/\/www.todoeldia.com\/index.php\/wp-json\/wp\/v2\/categories?post=24009"},{"taxonomy":"post_tag","embeddable":true,"href":"https:\/\/www.todoeldia.com\/index.php\/wp-json\/wp\/v2\/tags?post=24009"}],"curies":[{"name":"wp","href":"https:\/\/api.w.org\/{rel}","templated":true}]}}