{"id":24092,"date":"2021-05-31T23:00:07","date_gmt":"2021-06-01T02:00:07","guid":{"rendered":"https:\/\/www.todoeldia.com\/?p=24092"},"modified":"2021-05-31T23:00:08","modified_gmt":"2021-06-01T02:00:08","slug":"partidos-politicos-respaldaron-la-decision-de-saenz-de-postergar-las-elecciones-pero-tambien-pidieron-la-unificacion-con-las-nacionales","status":"publish","type":"post","link":"https:\/\/www.todoeldia.com\/index.php\/2021\/05\/31\/partidos-politicos-respaldaron-la-decision-de-saenz-de-postergar-las-elecciones-pero-tambien-pidieron-la-unificacion-con-las-nacionales\/","title":{"rendered":"Partidos pol\u00edticos respaldaron la decisi\u00f3n de S\u00e1enz de postergar las elecciones pero tambi\u00e9n pidieron la unificaci\u00f3n con las nacionales"},"content":{"rendered":"\n<p>Encabezada por el ministro de Gobierno, Derechos Humanos, Trabajo y Justicia, Ricardo Villada, se llev\u00f3 a cabo una reuni\u00f3n virtual con representantes de los partidos pol\u00edticos de provincia.<\/p>\n\n\n\n<p>El objeto del encuentro fue escuchar las distintas opiniones con respecto a la nueva fecha en la que se deber\u00edan realizar las elecciones provinciales, que fueron suspendidas por el gobernador Gustavo S\u00e1enz a ra\u00edz de la situaci\u00f3n epidemiol\u00f3gica.<\/p>\n\n\n\n<p>El funcionario provincial agradeci\u00f3 la participaci\u00f3n de m\u00e1s de 30 miembros de las distintas fuerzas pol\u00edticas de Salta. \u201cDesde el Gobierno provincial quisimos conocer la opini\u00f3n de los diferentes partidos para avanzar en una nueva fecha para las elecciones\u201d.<\/p>\n\n\n\n<p>Remarc\u00f3 la necesidad de suspender las elecciones para el 4 de julio, sosteniendo que \u201clo m\u00e1s importante en estos momentos es la campa\u00f1a de vacunaci\u00f3n, y no la de los partidos pol\u00edticos, por eso, ante la situaci\u00f3n epidemiol\u00f3gica de nuestra provincia creemos acertada esta decisi\u00f3n\u201d.<\/p>\n\n\n\n<p>Agreg\u00f3 que posteriormente, el gobernador Gustavo S\u00e1enz determinar\u00e1 una nueva fecha para los comicios provinciales con el asesoramiento de las autoridades del COE provincial.<\/p>\n\n\n\n<p>Los participantes del encuentro virtual coincidieron en destacar la postura del Gobierno provincial sobre la suspensi\u00f3n de las elecciones y destacaron tambi\u00e9n muchos de ellos la necesidad de unificar las elecciones con la nacional.<\/p>\n\n\n\n<p>Del encuentro participaron representantes de los partidos: MST, PTS, Partido Obrero, Ahora Patria, Felicidad, Frente Plural, Frente Salte\u00f1o, Izquierda Popular, Kolina, Memoria y Movilizaci\u00f3n, Libres del Sur, Autonomista, Conservador Popular, Partido de la Victoria, Partido del Trabajo y del Pueblo, Partido del Trabajo y Equidad, Fe, Frente Grande, PAIS, Partido Instrumento Electoral por la Unidad, Partido Justicialista, Partido Renovador de Salta, Primero Salta, Partido Propuesta Salte\u00f1a, Salta Nos Une, Salta Independiente, Todos por Salta, Uni\u00f3n C\u00edvica Radical, Uni\u00f3n Victoria Popular, PRO y CET.<\/p>\n","protected":false},"excerpt":{"rendered":"<p>Encabezada por el ministro de Gobierno, Derechos Humanos, Trabajo y Justicia, Ricardo Villada, se llev\u00f3 a cabo una reuni\u00f3n virtual con representantes de los partidos pol\u00edticos de provincia. El objeto del encuentro fue escuchar las distintas opiniones con respecto a la nueva fecha en la que se deber\u00edan realizar las elecciones provinciales, que fueron suspendidas [&hellip;]<\/p>\n","protected":false},"author":2,"featured_media":24093,"comment_status":"open","ping_status":"open","sticky":false,"template":"","format":"standard","meta":{"tdm_status":"","tdm_grid_status":"","_joinchat":[],"footnotes":""},"categories":[73],"tags":[],"class_list":{"0":"post-24092","1":"post","2":"type-post","3":"status-publish","4":"format-standard","5":"has-post-thumbnail","7":"category-noticias-general"},"amp_enabled":true,"_links":{"self":[{"href":"https:\/\/www.todoeldia.com\/index.php\/wp-json\/wp\/v2\/posts\/24092","targetHints":{"allow":["GET"]}}],"collection":[{"href":"https:\/\/www.todoeldia.com\/index.php\/wp-json\/wp\/v2\/posts"}],"about":[{"href":"https:\/\/www.todoeldia.com\/index.php\/wp-json\/wp\/v2\/types\/post"}],"author":[{"embeddable":true,"href":"https:\/\/www.todoeldia.com\/index.php\/wp-json\/wp\/v2\/users\/2"}],"replies":[{"embeddable":true,"href":"https:\/\/www.todoeldia.com\/index.php\/wp-json\/wp\/v2\/comments?post=24092"}],"version-history":[{"count":1,"href":"https:\/\/www.todoeldia.com\/index.php\/wp-json\/wp\/v2\/posts\/24092\/revisions"}],"predecessor-version":[{"id":24094,"href":"https:\/\/www.todoeldia.com\/index.php\/wp-json\/wp\/v2\/posts\/24092\/revisions\/24094"}],"wp:featuredmedia":[{"embeddable":true,"href":"https:\/\/www.todoeldia.com\/index.php\/wp-json\/wp\/v2\/media\/24093"}],"wp:attachment":[{"href":"https:\/\/www.todoeldia.com\/index.php\/wp-json\/wp\/v2\/media?parent=24092"}],"wp:term":[{"taxonomy":"category","embeddable":true,"href":"https:\/\/www.todoeldia.com\/index.php\/wp-json\/wp\/v2\/categories?post=24092"},{"taxonomy":"post_tag","embeddable":true,"href":"https:\/\/www.todoeldia.com\/index.php\/wp-json\/wp\/v2\/tags?post=24092"}],"curies":[{"name":"wp","href":"https:\/\/api.w.org\/{rel}","templated":true}]}}