{"id":24095,"date":"2021-05-31T23:03:59","date_gmt":"2021-06-01T02:03:59","guid":{"rendered":"https:\/\/www.todoeldia.com\/?p=24095"},"modified":"2021-05-31T23:04:00","modified_gmt":"2021-06-01T02:04:00","slug":"la-rinitis-o-congestion-nasal-dentro-de-la-definicion-de-caso-sospechoso-por-covid-19","status":"publish","type":"post","link":"https:\/\/www.todoeldia.com\/index.php\/2021\/05\/31\/la-rinitis-o-congestion-nasal-dentro-de-la-definicion-de-caso-sospechoso-por-covid-19\/","title":{"rendered":"La rinitis o congesti\u00f3n nasal dentro de la definici\u00f3n de caso sospechoso por COVID-19"},"content":{"rendered":"\n<p>Cu\u00e1l es el nuevo s\u00edntoma de coronavirus en Argentina y por qu\u00e9 podr\u00eda provocar un colapso en las guardias m\u00e9dicas<\/p>\n\n\n\n<p>La rinitis o congesti\u00f3n nasal afecta a entre 400 y 600 millones de personas en el mundo, es mucho m\u00e1s frecuente con los cambios de estaci\u00f3n y puede estar presente todo el a\u00f1o. El Ministerio de Salud incluy\u00f3 este cuadro dentro de la definici\u00f3n de caso sospechoso por COVID-19<\/p>\n\n\n\n<p>El Ministerio de Salud de la Naci\u00f3n acaba de anunciar que a la definici\u00f3n de caso sospechoso de coronavirus se agrega los s\u00edntomas de rinitis\/congesti\u00f3n nasal, ya que \u201cse trata de s\u00edntomas cada vez m\u00e1s frecuentes\u201d y explicaron que la actualizaci\u00f3n de la definici\u00f3n fue consensuada con los 24 directores de Epidemiolog\u00eda de todas las jurisdicciones del pa\u00eds.<\/p>\n\n\n\n<p>Seg\u00fan advirti\u00f3 la cartera sanitaria, a los s\u00edntomas descritos oportunamente se agregaron rinitis\/congesti\u00f3n nasal. Ante la sospecha de COVID-19, el cumplimiento de las medidas de aislamiento resulta clave para disminuir la transmisi\u00f3n del virus.<\/p>\n\n\n\n<p>\u201cDesde ahora se considera caso sospechoso de COVID-19 a toda persona, de cualquier edad, que presente dos o m\u00e1s de los siguientes s\u00edntomas: fiebre de 37.5\u00b0C o m\u00e1s; tos; dolor de garganta; dificultad para respirar; dolor de cabeza; dolor muscular; diarrea y\/o v\u00f3mitos; rinitis\/congesti\u00f3n nasal. Adem\u00e1s de la p\u00e9rdida repentina del gusto o del olfato\u201d.<\/p>\n","protected":false},"excerpt":{"rendered":"<p>Cu\u00e1l es el nuevo s\u00edntoma de coronavirus en Argentina y por qu\u00e9 podr\u00eda provocar un colapso en las guardias m\u00e9dicas La rinitis o congesti\u00f3n nasal afecta a entre 400 y 600 millones de personas en el mundo, es mucho m\u00e1s frecuente con los cambios de estaci\u00f3n y puede estar presente todo el a\u00f1o. El Ministerio [&hellip;]<\/p>\n","protected":false},"author":2,"featured_media":24096,"comment_status":"open","ping_status":"open","sticky":false,"template":"","format":"standard","meta":{"tdm_status":"","tdm_grid_status":"","_joinchat":[],"footnotes":""},"categories":[65],"tags":[],"class_list":{"0":"post-24095","1":"post","2":"type-post","3":"status-publish","4":"format-standard","5":"has-post-thumbnail","7":"category-coronavirus"},"amp_enabled":true,"_links":{"self":[{"href":"https:\/\/www.todoeldia.com\/index.php\/wp-json\/wp\/v2\/posts\/24095","targetHints":{"allow":["GET"]}}],"collection":[{"href":"https:\/\/www.todoeldia.com\/index.php\/wp-json\/wp\/v2\/posts"}],"about":[{"href":"https:\/\/www.todoeldia.com\/index.php\/wp-json\/wp\/v2\/types\/post"}],"author":[{"embeddable":true,"href":"https:\/\/www.todoeldia.com\/index.php\/wp-json\/wp\/v2\/users\/2"}],"replies":[{"embeddable":true,"href":"https:\/\/www.todoeldia.com\/index.php\/wp-json\/wp\/v2\/comments?post=24095"}],"version-history":[{"count":1,"href":"https:\/\/www.todoeldia.com\/index.php\/wp-json\/wp\/v2\/posts\/24095\/revisions"}],"predecessor-version":[{"id":24097,"href":"https:\/\/www.todoeldia.com\/index.php\/wp-json\/wp\/v2\/posts\/24095\/revisions\/24097"}],"wp:featuredmedia":[{"embeddable":true,"href":"https:\/\/www.todoeldia.com\/index.php\/wp-json\/wp\/v2\/media\/24096"}],"wp:attachment":[{"href":"https:\/\/www.todoeldia.com\/index.php\/wp-json\/wp\/v2\/media?parent=24095"}],"wp:term":[{"taxonomy":"category","embeddable":true,"href":"https:\/\/www.todoeldia.com\/index.php\/wp-json\/wp\/v2\/categories?post=24095"},{"taxonomy":"post_tag","embeddable":true,"href":"https:\/\/www.todoeldia.com\/index.php\/wp-json\/wp\/v2\/tags?post=24095"}],"curies":[{"name":"wp","href":"https:\/\/api.w.org\/{rel}","templated":true}]}}