{"id":24108,"date":"2021-06-01T09:45:32","date_gmt":"2021-06-01T12:45:32","guid":{"rendered":"https:\/\/www.todoeldia.com\/?p=24108"},"modified":"2021-06-01T09:45:33","modified_gmt":"2021-06-01T12:45:33","slug":"bebian-en-san-lorenzo-se-desconocieron-y-uno-termino-muerto-apunalado","status":"publish","type":"post","link":"https:\/\/www.todoeldia.com\/index.php\/2021\/06\/01\/bebian-en-san-lorenzo-se-desconocieron-y-uno-termino-muerto-apunalado\/","title":{"rendered":"Beb\u00edan en San Lorenzo se desconocieron y uno termin\u00f3 muerto apu\u00f1alado"},"content":{"rendered":"\n<p>El hecho ocurri\u00f3 durante la madrugada del pasado s\u00e1bado, cuando la v\u00edctima compart\u00eda bebidas alcoh\u00f3licas con los acusados y result\u00f3 lesionado con un arma blanca. Falleci\u00f3 antes de ser asistido. Uno de los acusados fue detenido en El Quebrachal y ser\u00e1 imputado en las pr\u00f3ximas horas.<\/p>\n\n\n\n<p>El fiscal penal de la Unidad de Graves Atentados contra las Personas, Gustavo Torres Rubelt, investiga el homicidio de C\u00e9sar Emanuel Cruz, ocurrido durante la madrugada del pasado s\u00e1bado en barrio San Jos\u00e9 de la localidad de San Lorenzo.<\/p>\n\n\n\n<p>De las primeras tareas desplegadas, pudo establecerse que la v\u00edctima se encontraba de visita en el lugar y que mientras compart\u00eda bebidas alcoh\u00f3licas con otras personas, surgi\u00f3 una gresca y fue herido con un arma blanca, lo que provoc\u00f3 su muerte en forma casi inmediata por shock hipovol\u00e9mico.<\/p>\n\n\n\n<p>Se logr\u00f3 identificar a cuatro personas como involucradas en el hecho, dos de las cuales son hijos de la actual pareja de la v\u00edctima.<\/p>\n\n\n\n<p>Este lunes se imput\u00f3 a Gast\u00f3n Hugo Gonz\u00e1lez, Santiago Ariel Gonz\u00e1lez y Diego Pascual T\u00e9vez como autores del delito de homicidio calificado por el concurso premeditado de dos o m\u00e1s personas y se abstuvieron de declarar.<\/p>\n\n\n\n<p>En tanto, Cristian Nahuel Gonz\u00e1lez, detenido en la localidad de El Quebrachal, ser\u00e1 trasladado en las pr\u00f3ximas horas a la ciudad de Salta para la audiencia de imputaci\u00f3n.<\/p>\n","protected":false},"excerpt":{"rendered":"<p>El hecho ocurri\u00f3 durante la madrugada del pasado s\u00e1bado, cuando la v\u00edctima compart\u00eda bebidas alcoh\u00f3licas con los acusados y result\u00f3 lesionado con un arma blanca. Falleci\u00f3 antes de ser asistido. Uno de los acusados fue detenido en El Quebrachal y ser\u00e1 imputado en las pr\u00f3ximas horas. El fiscal penal de la Unidad de Graves Atentados [&hellip;]<\/p>\n","protected":false},"author":2,"featured_media":24110,"comment_status":"open","ping_status":"open","sticky":false,"template":"","format":"standard","meta":{"tdm_status":"","tdm_grid_status":"","_joinchat":[],"footnotes":""},"categories":[73],"tags":[],"class_list":{"0":"post-24108","1":"post","2":"type-post","3":"status-publish","4":"format-standard","5":"has-post-thumbnail","7":"category-noticias-general"},"amp_enabled":true,"_links":{"self":[{"href":"https:\/\/www.todoeldia.com\/index.php\/wp-json\/wp\/v2\/posts\/24108","targetHints":{"allow":["GET"]}}],"collection":[{"href":"https:\/\/www.todoeldia.com\/index.php\/wp-json\/wp\/v2\/posts"}],"about":[{"href":"https:\/\/www.todoeldia.com\/index.php\/wp-json\/wp\/v2\/types\/post"}],"author":[{"embeddable":true,"href":"https:\/\/www.todoeldia.com\/index.php\/wp-json\/wp\/v2\/users\/2"}],"replies":[{"embeddable":true,"href":"https:\/\/www.todoeldia.com\/index.php\/wp-json\/wp\/v2\/comments?post=24108"}],"version-history":[{"count":1,"href":"https:\/\/www.todoeldia.com\/index.php\/wp-json\/wp\/v2\/posts\/24108\/revisions"}],"predecessor-version":[{"id":24111,"href":"https:\/\/www.todoeldia.com\/index.php\/wp-json\/wp\/v2\/posts\/24108\/revisions\/24111"}],"wp:featuredmedia":[{"embeddable":true,"href":"https:\/\/www.todoeldia.com\/index.php\/wp-json\/wp\/v2\/media\/24110"}],"wp:attachment":[{"href":"https:\/\/www.todoeldia.com\/index.php\/wp-json\/wp\/v2\/media?parent=24108"}],"wp:term":[{"taxonomy":"category","embeddable":true,"href":"https:\/\/www.todoeldia.com\/index.php\/wp-json\/wp\/v2\/categories?post=24108"},{"taxonomy":"post_tag","embeddable":true,"href":"https:\/\/www.todoeldia.com\/index.php\/wp-json\/wp\/v2\/tags?post=24108"}],"curies":[{"name":"wp","href":"https:\/\/api.w.org\/{rel}","templated":true}]}}