{"id":24142,"date":"2021-06-02T10:12:53","date_gmt":"2021-06-02T13:12:53","guid":{"rendered":"https:\/\/www.todoeldia.com\/?p=24142"},"modified":"2021-06-02T10:12:54","modified_gmt":"2021-06-02T13:12:54","slug":"confirmaron-la-prision-perpetua-para-el-asesino-de-mirna-antonella-di-marzo","status":"publish","type":"post","link":"https:\/\/www.todoeldia.com\/index.php\/2021\/06\/02\/confirmaron-la-prision-perpetua-para-el-asesino-de-mirna-antonella-di-marzo\/","title":{"rendered":"Confirmaron la prisi\u00f3n perpetua para el asesino de Mirna Antonella Di Marzo"},"content":{"rendered":"\n<p>La Sala I del Tribunal de Impugnaci\u00f3n, no hizo lugar al recurso de casaci\u00f3n presentado por la defensa t\u00e9cnica de Jos\u00e9 Gustavo Gareca y confirm\u00f3 la pena impuesta en agosto de 2020 por la Sala IV del Tribunal de Juicio del Distrito Centro.<\/p>\n\n\n\n<p>La fiscal penal de la Unidad de Femicidios, M\u00f3nica Poma, fue notificada de la resoluci\u00f3n de la Sala I del Tribunal de Impugnaci\u00f3n, donde se decide no hacer lugar al recurso de casaci\u00f3n interpuesto por la defensa t\u00e9cnica de Jos\u00e9 Gustavo Gareca, condenado a la pena de prisi\u00f3n perpetua en agosto de 2020 por el femicidio de Mirna Antonella Eva Di Marzo.<\/p>\n\n\n\n<p>Los jueces Luciano Martini y Ram\u00f3n Medina exponen en sus fundamentos que ninguno de los motivos esgrimidos por la defensa del acusado, alcanzan a conmover la sentencia impugnada, a la que consideran acorde a derecho. Sostienen que la reconstrucci\u00f3n pret\u00e9rita del hecho y la responsabilidad del acusado, encuentran debido sustento en la prueba producida.<\/p>\n\n\n\n<p>Jos\u00e9 Gustavo Gareca lleg\u00f3 a juicio en agosto de 2020, acusado del homicidio agravado por mediar violencia de g\u00e9nero en perjuicio de Mirna Antonella Eva Di Marzo. La madrugada del 21 de octubre de 2018, la mujer trans fue encontrada tendida en la v\u00eda p\u00fablica por una patrulla en la ciudad de General G\u00fcemes. Se encontraba inconsciente, visiblemente golpeada y semidesnuda, por lo que fue asistida y permaneci\u00f3 internada hasta el 27 de enero de 2019, cuando falleci\u00f3.<\/p>\n\n\n\n<p>El juicio se desarroll\u00f3 entre el 3 y el 12 de agosto de 2020, la audiencia estuvo presidida por el juez Roberto Faustino Lezcano, quien a hizo lugar a la solicitud del fiscal penal Ramiro Ramos Ossorio y le impuso al acusado, la pena de prisi\u00f3n perpetua y lo declar\u00f3 reincidente.<\/p>\n","protected":false},"excerpt":{"rendered":"<p>La Sala I del Tribunal de Impugnaci\u00f3n, no hizo lugar al recurso de casaci\u00f3n presentado por la defensa t\u00e9cnica de Jos\u00e9 Gustavo Gareca y confirm\u00f3 la pena impuesta en agosto de 2020 por la Sala IV del Tribunal de Juicio del Distrito Centro. La fiscal penal de la Unidad de Femicidios, M\u00f3nica Poma, fue notificada [&hellip;]<\/p>\n","protected":false},"author":2,"featured_media":24143,"comment_status":"open","ping_status":"open","sticky":false,"template":"","format":"standard","meta":{"tdm_status":"","tdm_grid_status":"","_joinchat":[],"footnotes":""},"categories":[73],"tags":[],"class_list":{"0":"post-24142","1":"post","2":"type-post","3":"status-publish","4":"format-standard","5":"has-post-thumbnail","7":"category-noticias-general"},"amp_enabled":true,"_links":{"self":[{"href":"https:\/\/www.todoeldia.com\/index.php\/wp-json\/wp\/v2\/posts\/24142","targetHints":{"allow":["GET"]}}],"collection":[{"href":"https:\/\/www.todoeldia.com\/index.php\/wp-json\/wp\/v2\/posts"}],"about":[{"href":"https:\/\/www.todoeldia.com\/index.php\/wp-json\/wp\/v2\/types\/post"}],"author":[{"embeddable":true,"href":"https:\/\/www.todoeldia.com\/index.php\/wp-json\/wp\/v2\/users\/2"}],"replies":[{"embeddable":true,"href":"https:\/\/www.todoeldia.com\/index.php\/wp-json\/wp\/v2\/comments?post=24142"}],"version-history":[{"count":1,"href":"https:\/\/www.todoeldia.com\/index.php\/wp-json\/wp\/v2\/posts\/24142\/revisions"}],"predecessor-version":[{"id":24144,"href":"https:\/\/www.todoeldia.com\/index.php\/wp-json\/wp\/v2\/posts\/24142\/revisions\/24144"}],"wp:featuredmedia":[{"embeddable":true,"href":"https:\/\/www.todoeldia.com\/index.php\/wp-json\/wp\/v2\/media\/24143"}],"wp:attachment":[{"href":"https:\/\/www.todoeldia.com\/index.php\/wp-json\/wp\/v2\/media?parent=24142"}],"wp:term":[{"taxonomy":"category","embeddable":true,"href":"https:\/\/www.todoeldia.com\/index.php\/wp-json\/wp\/v2\/categories?post=24142"},{"taxonomy":"post_tag","embeddable":true,"href":"https:\/\/www.todoeldia.com\/index.php\/wp-json\/wp\/v2\/tags?post=24142"}],"curies":[{"name":"wp","href":"https:\/\/api.w.org\/{rel}","templated":true}]}}