{"id":24208,"date":"2021-06-03T11:32:48","date_gmt":"2021-06-03T14:32:48","guid":{"rendered":"https:\/\/www.todoeldia.com\/?p=24208"},"modified":"2021-06-03T11:32:49","modified_gmt":"2021-06-03T14:32:49","slug":"cada-vez-mas-provincias-evaluan-adelantar-las-vacaciones-de-invierno-y-la-medida-se-discutira-a-nivel-nacional","status":"publish","type":"post","link":"https:\/\/www.todoeldia.com\/index.php\/2021\/06\/03\/cada-vez-mas-provincias-evaluan-adelantar-las-vacaciones-de-invierno-y-la-medida-se-discutira-a-nivel-nacional\/","title":{"rendered":"Cada vez m\u00e1s provincias eval\u00faan adelantar las vacaciones de invierno y la medida se discutir\u00e1 a nivel nacional"},"content":{"rendered":"\n<p>Ma\u00f1ana se tratar\u00e1 en el Consejo Federal de Educaci\u00f3n y luego cada distrito definir\u00e1. Tambi\u00e9n se analiza la posibilidad de extender el receso<\/p>\n\n\n\n<p>La segunda ola de contagios ya golpea fuerte en el interior del pa\u00eds. En las \u00faltimas semanas, el avance de los casos hizo que muchos de los gobernadores optaran por suspender las clases presenciales y ahora cobra fuerza la posibilidad de que algunos distritos adelanten las vacaciones de invierno. La posible medida se discutir\u00e1 ma\u00f1ana viernes en el Consejo Federal de Educaci\u00f3n.<\/p>\n\n\n\n<p>La Ciudad de Buenos Aires fue la primera jurisdicci\u00f3n que devel\u00f3 una revisi\u00f3n que ya varios gobernadores analizaban en silencio. La ministra de Educaci\u00f3n Soledad Acu\u00f1a desliz\u00f3 que se evaluaban distintos escenarios de cambios en el receso invernal, tanto que se pod\u00eda adelantar un mes como extender por una semana m\u00e1s.<\/p>\n\n\n\n<p>Pocos d\u00edas despu\u00e9s se sum\u00f3 la provincia de Buenos Aires, que internamente ya barajaba la posibilidad de modificar el calendario escolar. \u201cSigue en an\u00e1lisis. La evaluaci\u00f3n epidemiol\u00f3gica de esta semana nos va a permitir conocer el impacto de las \u00faltimas medidas tomadas\u201d, ratificaron en la cartera bonaerense.<\/p>\n\n\n\n<p>Seg\u00fan supo Infobae, recientemente a la regi\u00f3n metropolitana se agregaron otras provincias como Mendoza, Santa Fe, La Pampa, Salta o La Rioja que tambi\u00e9n contemplan como un escenario posible mover las fechas de las vacaciones de invierno.<\/p>\n\n\n\n<p>Las provincias cuentan con suficiente autonom\u00eda como para delinear las distintas etapas del ciclo lectivo. Respecto al receso, tienen margen para ubicar esas dos semanas, pero siempre se mueven entre el primer y el \u00faltimo d\u00eda de julio. En el calendario original, por ejemplo, tanto CABA como la provincia de Buenos Aires, tienen previsto comenzar el descanso el lunes 19 de ese mes.<\/p>\n\n\n\n<p>En todos los casos, el objetivo que repiten en las carteras educativas es el de \u201cganar tiempo\u201d. Con una campa\u00f1a de vacunaci\u00f3n que ahora s\u00ed avanza a un ritmo m\u00e1s acelerado, ven con buenos ojos pasar el receso para las \u00faltimas semanas de junio. De ese modo, una vez finalizado, se producir\u00eda un retorno importante a las aulas, cuando hoy casi todas las provincias tienen parcial o totalmente suspendida la presencialidad escolar.<\/p>\n\n\n\n<p>El ministro de Educaci\u00f3n nacional, Nicol\u00e1s Trotta, reconoci\u00f3 que mover las vacaciones es una chance concreta y que se tratar\u00e1 ma\u00f1ana en la reuni\u00f3n del Consejo Federal. \u201cEs una alternativa que tiene un costo educativo, pero lo estamos conversando con el \u00e1rea sanitaria. Pedimos una proyecci\u00f3n de la curva de contagios y del proceso de vacunaci\u00f3n\u201d, se\u00f1al\u00f3.<\/p>\n","protected":false},"excerpt":{"rendered":"<p>Ma\u00f1ana se tratar\u00e1 en el Consejo Federal de Educaci\u00f3n y luego cada distrito definir\u00e1. Tambi\u00e9n se analiza la posibilidad de extender el receso La segunda ola de contagios ya golpea fuerte en el interior del pa\u00eds. En las \u00faltimas semanas, el avance de los casos hizo que muchos de los gobernadores optaran por suspender las [&hellip;]<\/p>\n","protected":false},"author":2,"featured_media":24209,"comment_status":"open","ping_status":"open","sticky":false,"template":"","format":"standard","meta":{"tdm_status":"","tdm_grid_status":"","_joinchat":[],"footnotes":""},"categories":[61],"tags":[],"class_list":{"0":"post-24208","1":"post","2":"type-post","3":"status-publish","4":"format-standard","5":"has-post-thumbnail","7":"category-educacion"},"amp_enabled":true,"_links":{"self":[{"href":"https:\/\/www.todoeldia.com\/index.php\/wp-json\/wp\/v2\/posts\/24208","targetHints":{"allow":["GET"]}}],"collection":[{"href":"https:\/\/www.todoeldia.com\/index.php\/wp-json\/wp\/v2\/posts"}],"about":[{"href":"https:\/\/www.todoeldia.com\/index.php\/wp-json\/wp\/v2\/types\/post"}],"author":[{"embeddable":true,"href":"https:\/\/www.todoeldia.com\/index.php\/wp-json\/wp\/v2\/users\/2"}],"replies":[{"embeddable":true,"href":"https:\/\/www.todoeldia.com\/index.php\/wp-json\/wp\/v2\/comments?post=24208"}],"version-history":[{"count":1,"href":"https:\/\/www.todoeldia.com\/index.php\/wp-json\/wp\/v2\/posts\/24208\/revisions"}],"predecessor-version":[{"id":24210,"href":"https:\/\/www.todoeldia.com\/index.php\/wp-json\/wp\/v2\/posts\/24208\/revisions\/24210"}],"wp:featuredmedia":[{"embeddable":true,"href":"https:\/\/www.todoeldia.com\/index.php\/wp-json\/wp\/v2\/media\/24209"}],"wp:attachment":[{"href":"https:\/\/www.todoeldia.com\/index.php\/wp-json\/wp\/v2\/media?parent=24208"}],"wp:term":[{"taxonomy":"category","embeddable":true,"href":"https:\/\/www.todoeldia.com\/index.php\/wp-json\/wp\/v2\/categories?post=24208"},{"taxonomy":"post_tag","embeddable":true,"href":"https:\/\/www.todoeldia.com\/index.php\/wp-json\/wp\/v2\/tags?post=24208"}],"curies":[{"name":"wp","href":"https:\/\/api.w.org\/{rel}","templated":true}]}}