{"id":24252,"date":"2021-06-04T09:47:04","date_gmt":"2021-06-04T12:47:04","guid":{"rendered":"https:\/\/www.todoeldia.com\/?p=24252"},"modified":"2021-06-04T09:47:05","modified_gmt":"2021-06-04T12:47:05","slug":"estaban-tomando-vino-juntos-cuando-se-desconocieron-y-uno-de-ellos-termino-apunalado","status":"publish","type":"post","link":"https:\/\/www.todoeldia.com\/index.php\/2021\/06\/04\/estaban-tomando-vino-juntos-cuando-se-desconocieron-y-uno-de-ellos-termino-apunalado\/","title":{"rendered":"Estaban tomando vino juntos cuando se desconocieron y uno de ellos termin\u00f3 apu\u00f1alado"},"content":{"rendered":"\n<p>Un hombre fue detenido e imputado por atentar contra la vida de un hombre de 63 a\u00f1os, al que hiri\u00f3 con un arma blanca en la zona abdominal, poniendo en riesgo su vida. Ocurri\u00f3 durante la tarde del pasado mi\u00e9rcoles.<\/p>\n\n\n\n<p>El fiscal penal de la Unidad de Graves Atentados contra las Personas en turno, Leandro Flores, imput\u00f3 a V\u00edctor Guti\u00e9rrez Torres, \u201cTachuela\u201d, como autor del delito de tentativa de homicidio simple en perjuicio de Dante Ra\u00fal Pacheco de 63 a\u00f1os.<\/p>\n\n\n\n<p>Durante la tarde del pasado mi\u00e9rcoles, la v\u00edctima se encontraba compartiendo bebidas alcoh\u00f3licas con el acusado en una vivienda de la zona Oeste de la ciudad de Salta y por motivos que se tratan de establecer, result\u00f3 lesionado en la zona abdominal con un arma blanca, y qued\u00f3 tendido en el jard\u00edn de la propiedad.<\/p>\n\n\n\n<p>La v\u00edctima pudo pedir auxilio, fue asistido y el acusado, una vez identificado, fue detenido en las inmediaciones. Como parte de las tareas investigativas desplegadas, personal del Departamento de Investigaciones y Criminolog\u00eda del CIF, se logr\u00f3 secuestrar un arma blanca tipo pu\u00f1al, que ser\u00eda la usada en el hecho.<\/p>\n\n\n\n<p>El fiscal Flores solicit\u00f3 al Juzgado de Garant\u00edas interviniente que se mantenga la detenci\u00f3n del acusado, mientras se cumplen diversas medidas solicitadas para el esclarecimiento del hecho<\/p>\n","protected":false},"excerpt":{"rendered":"<p>Un hombre fue detenido e imputado por atentar contra la vida de un hombre de 63 a\u00f1os, al que hiri\u00f3 con un arma blanca en la zona abdominal, poniendo en riesgo su vida. Ocurri\u00f3 durante la tarde del pasado mi\u00e9rcoles. El fiscal penal de la Unidad de Graves Atentados contra las Personas en turno, Leandro [&hellip;]<\/p>\n","protected":false},"author":2,"featured_media":24253,"comment_status":"open","ping_status":"open","sticky":false,"template":"","format":"standard","meta":{"tdm_status":"","tdm_grid_status":"","_joinchat":[],"footnotes":""},"categories":[73],"tags":[],"class_list":{"0":"post-24252","1":"post","2":"type-post","3":"status-publish","4":"format-standard","5":"has-post-thumbnail","7":"category-noticias-general"},"amp_enabled":true,"_links":{"self":[{"href":"https:\/\/www.todoeldia.com\/index.php\/wp-json\/wp\/v2\/posts\/24252","targetHints":{"allow":["GET"]}}],"collection":[{"href":"https:\/\/www.todoeldia.com\/index.php\/wp-json\/wp\/v2\/posts"}],"about":[{"href":"https:\/\/www.todoeldia.com\/index.php\/wp-json\/wp\/v2\/types\/post"}],"author":[{"embeddable":true,"href":"https:\/\/www.todoeldia.com\/index.php\/wp-json\/wp\/v2\/users\/2"}],"replies":[{"embeddable":true,"href":"https:\/\/www.todoeldia.com\/index.php\/wp-json\/wp\/v2\/comments?post=24252"}],"version-history":[{"count":1,"href":"https:\/\/www.todoeldia.com\/index.php\/wp-json\/wp\/v2\/posts\/24252\/revisions"}],"predecessor-version":[{"id":24254,"href":"https:\/\/www.todoeldia.com\/index.php\/wp-json\/wp\/v2\/posts\/24252\/revisions\/24254"}],"wp:featuredmedia":[{"embeddable":true,"href":"https:\/\/www.todoeldia.com\/index.php\/wp-json\/wp\/v2\/media\/24253"}],"wp:attachment":[{"href":"https:\/\/www.todoeldia.com\/index.php\/wp-json\/wp\/v2\/media?parent=24252"}],"wp:term":[{"taxonomy":"category","embeddable":true,"href":"https:\/\/www.todoeldia.com\/index.php\/wp-json\/wp\/v2\/categories?post=24252"},{"taxonomy":"post_tag","embeddable":true,"href":"https:\/\/www.todoeldia.com\/index.php\/wp-json\/wp\/v2\/tags?post=24252"}],"curies":[{"name":"wp","href":"https:\/\/api.w.org\/{rel}","templated":true}]}}